{"id":1402,"date":"2023-11-06T02:58:31","date_gmt":"2023-11-06T02:58:31","guid":{"rendered":"http:\/\/lagumex.mx\/index\/?p=1402"},"modified":"2023-11-07T03:03:51","modified_gmt":"2023-11-07T03:03:51","slug":"la-uadec-celebrara-su-66-aniversario-con-la-presentacion-de-la-opera-don-giovanni","status":"publish","type":"post","link":"https:\/\/lagumex.mx\/index\/uncategorized\/uac\/uac-uac\/la-uadec-celebrara-su-66-aniversario-con-la-presentacion-de-la-opera-don-giovanni\/","title":{"rendered":"La UAdeC Celebrar\u00e1 su 66 Aniversario con la Presentaci\u00f3n de la \u00d3pera \u201cDon Giovanni\u201d"},"content":{"rendered":"\n<p>SALTILLO, Coahuila. 6 de noviembre de 2023. En el marco de la celebraci\u00f3n por el 66 aniversario la Universidad Aut\u00f3noma de Coahuila anunci\u00f3 la presentaci\u00f3n de la \u00d3pera \u201cDon Giovanni\u201d de Wolfgang Amadeus Mozart, la cual se llevar\u00e1 a cabo los d\u00edas 16 y 17 de noviembre a las 19:00 horas en el Paraninfo del Ateneo Fuente.<\/p>\n\n\n\n<p>Los detalles del evento los dieron a conocer, la coordinadora general de Difusi\u00f3n y Patrimonio Cultural de la UAdeC, Ana Sof\u00eda Rodr\u00edguez Cepeda; el subcoordinador de Educaci\u00f3n Art\u00edstica de la UAdeC, Arturo Rodr\u00edguez Torres; el director de la Escuela Superior de M\u00fasica, Juan Antonio Espericueta Garc\u00eda y el residente art\u00edstico del Estudio de Opera del Noroeste de la Universidad Aut\u00f3noma de Occidente, Jos\u00e9 Manuel Alfaro Mart\u00ednez.<\/p>\n\n\n\n<p>Se\u00f1alaron que este evento cultural es gratuito y surge como parte del acuerdo entre la Universidad Aut\u00f3noma de Coahuila y la Universidad Aut\u00f3noma de Occidente (UAdeO), cuyo prop\u00f3sito es establecer una colaboraci\u00f3n en \u00e1reas de inter\u00e9s com\u00fan, como la formaci\u00f3n de recursos humanos, la investigaci\u00f3n cient\u00edfica, tecnol\u00f3gica y human\u00edstica.<\/p>\n\n\n\n<p>Esta iniciativa conjunta involucra la presentaci\u00f3n de cuatro funciones de \u201cDon Giovanni\u201d, dos en Coahuila y dos m\u00e1s en el estado de Sinaloa, para el caso de Saltillo, los&nbsp;<strong>boletos<\/strong>&nbsp;estar\u00e1n a disposici\u00f3n del p\u00fablico a partir del&nbsp;<strong>mi\u00e9rcoles 8 de noviembre<\/strong>&nbsp;en tres puntos de distribuci\u00f3n como la Coordinaci\u00f3n General de Difusi\u00f3n y Patrimonio Cultural, ubicada en el edificio \u201cF\u201d en la unidad Camporredondo.<\/p>\n\n\n\n<p>As\u00ed como en el Departamento de Formaci\u00f3n Art\u00edstica, tambi\u00e9n conocido como Grupos y Talleres, ubicado en Bulevar Venustiano Carranza #2143, Col. Rep\u00fablica, frente al edificio de Rector\u00eda y en el Recinto Cultural Aurora Morales de L\u00f3pez ubicado en Ramos Arizpe Sur #229 en el Centro Hist\u00f3rico de Saltillo.<\/p>\n\n\n\n<p>Agregaron que este evento estar\u00e1 coordinado por la titular de la Coordinaci\u00f3n General de Difusi\u00f3n y Patrimonio Cultural de la UAdeC, Ana Sof\u00eda Rodr\u00edguez Cepeda y el director de Extensi\u00f3n y Difusi\u00f3n de la Cultura de la UAdeO y de la \u00d3pera Estudio del Noreste, Mtro. Armando Pi\u00f1a L\u00f3pez.<\/p>\n\n\n\n<p>La producci\u00f3n, direcci\u00f3n art\u00edstica y propuesta esc\u00e9nica en ambos estados estar\u00e1 a cargo del Mtro. Arturo Rodr\u00edguez Torres, subcoordinador de Educaci\u00f3n Art\u00edstica de la UAdeC y catedr\u00e1tico de la Escuela Superior de M\u00fasica.<\/p>\n\n\n\n<p>El elenco de esta presentaci\u00f3n estar\u00e1 compuesto por estudiantes, docentes y personal de m\u00e1s de 20 dependencias universitarias de la UAdeC, mientras que la direcci\u00f3n concertadora estar\u00e1 a cargo del maestro Andr\u00e9s Irwing Ortega Loredo, titular de la Camerata del Noreste.<\/p>\n","protected":false},"excerpt":{"rendered":"<p>SALTILLO, Coahuila. 6 de noviembre de 2023. En el marco de la celebraci\u00f3n por el 66 aniversario la Universidad Aut\u00f3noma de Coahuila anunci\u00f3 la presentaci\u00f3n de la \u00d3pera \u201cDon Giovanni\u201d de Wolfgang Amadeus Mozart, la cual se llevar\u00e1 a cabo los d\u00edas 16 y 17 de noviembre a las 19:00 horas en el Paraninfo del&#8230;<\/p>\n","protected":false},"author":1,"featured_media":1403,"comment_status":"open","ping_status":"open","sticky":false,"template":"","format":"standard","meta":{"footnotes":""},"categories":[11,9],"tags":[],"class_list":["post-1402","post","type-post","status-publish","format-standard","has-post-thumbnail","hentry","category-uac","category-uac-uac"],"_links":{"self":[{"href":"https:\/\/lagumex.mx\/index\/wp-json\/wp\/v2\/posts\/1402","targetHints":{"allow":["GET"]}}],"collection":[{"href":"https:\/\/lagumex.mx\/index\/wp-json\/wp\/v2\/posts"}],"about":[{"href":"https:\/\/lagumex.mx\/index\/wp-json\/wp\/v2\/types\/post"}],"author":[{"embeddable":true,"href":"https:\/\/lagumex.mx\/index\/wp-json\/wp\/v2\/users\/1"}],"replies":[{"embeddable":true,"href":"https:\/\/lagumex.mx\/index\/wp-json\/wp\/v2\/comments?post=1402"}],"version-history":[{"count":1,"href":"https:\/\/lagumex.mx\/index\/wp-json\/wp\/v2\/posts\/1402\/revisions"}],"predecessor-version":[{"id":1404,"href":"https:\/\/lagumex.mx\/index\/wp-json\/wp\/v2\/posts\/1402\/revisions\/1404"}],"wp:featuredmedia":[{"embeddable":true,"href":"https:\/\/lagumex.mx\/index\/wp-json\/wp\/v2\/media\/1403"}],"wp:attachment":[{"href":"https:\/\/lagumex.mx\/index\/wp-json\/wp\/v2\/media?parent=1402"}],"wp:term":[{"taxonomy":"category","embeddable":true,"href":"https:\/\/lagumex.mx\/index\/wp-json\/wp\/v2\/categories?post=1402"},{"taxonomy":"post_tag","embeddable":true,"href":"https:\/\/lagumex.mx\/index\/wp-json\/wp\/v2\/tags?post=1402"}],"curies":[{"name":"wp","href":"https:\/\/api.w.org\/{rel}","templated":true}]}}