{"id":1399,"date":"2023-10-31T02:57:05","date_gmt":"2023-10-31T02:57:05","guid":{"rendered":"http:\/\/lagumex.mx\/index\/?p=1399"},"modified":"2023-11-07T02:58:08","modified_gmt":"2023-11-07T02:58:08","slug":"renuevan-comisiones-generales-permanentes-y-ordinarias-del-h-consejo-universitario-de-la-uadec","status":"publish","type":"post","link":"https:\/\/lagumex.mx\/index\/uncategorized\/uac\/uac-uac\/renuevan-comisiones-generales-permanentes-y-ordinarias-del-h-consejo-universitario-de-la-uadec\/","title":{"rendered":"Renuevan Comisiones Generales Permanentes y Ordinarias del H. Consejo Universitario de la UAdeC"},"content":{"rendered":"\n<p>TORRE\u00d3N, Coahuila. 31 de octubre de 2023. En cumplimiento al art\u00edculo 29 fracci\u00f3n IV del Estatuto Universitario, as\u00ed como los art\u00edculos 9 y 10 del reglamento Interno del H. Consejo Universitario de la Universidad Aut\u00f3noma de Coahuila, en Sesi\u00f3n Ordinaria fueron renovadas las Comisiones Generales Permanentes y Ordinarias.<\/p>\n\n\n\n<p>El rector Salvador Hern\u00e1ndez V\u00e9lez tom\u00f3 protesta a los nuevos consejeros universitarios de las Comisiones Generales Permanentes de Hacienda, Reglamentos, Asuntos Acad\u00e9micos, Honor y Justicia, Planeaci\u00f3n, Investigaci\u00f3n y Posgrado, as\u00ed como las Comisiones Ordinarias de Radio Universidad y de G\u00e9nero.<\/p>\n\n\n\n<p>En el Aula Magna del Centro Cultural \u201cBraulio Fern\u00e1ndez Aguirre\u201d en Torre\u00f3n, Coahuila y por medio de&nbsp;<em>Facebook Live<\/em>, se desarroll\u00f3 la Sesi\u00f3n a la cual asistieron 269 consejeros universitarios de las tres Unidades Saltillo, Torre\u00f3n y Norte, adem\u00e1s de funcionariado, directores, docentes y alumnos.<\/p>\n\n\n\n<p>Durante la Sesi\u00f3n tambi\u00e9n se aprobaron algunas modificaciones al Reglamento de del Reconocimiento al M\u00e9rito Universitario, que establece que estudiantes e investigadores de los Centros de Investigaci\u00f3n propongan candidatos para las medallas al m\u00e9rito Universitario \u201c\u201cMiguel Ramos Arizpe\u201d y \u201cJuan Antonio de la Fuente\u201d.<\/p>\n\n\n\n<p>En su mensaje el Rector destac\u00f3 la renovaci\u00f3n de las Comisiones que son fundamentales para el funcionamiento de la m\u00e1xima casa de estudios, con las cuales se aprueban nuevos programas acad\u00e9micos, la concesi\u00f3n de distinciones, cuotas, la elaboraci\u00f3n del presupuesto, la formulaci\u00f3n de la legislaci\u00f3n, la imposici\u00f3n de sanciones y las decisiones relacionadas con pol\u00edticas de g\u00e9nero, entre muchos otros temas.<\/p>\n\n\n\n<p>Hern\u00e1ndez V\u00e9lez, dijo que las reformas al reglamento de Reconocimiento al M\u00e9rito Universitario, busca hacer justicia a los estudiantes, investigadores y personal administrativo y manual de los Centros de Investigaci\u00f3n al permitir que los \u00f3rganos consultivos de estos Centros los propongan candidatos para las medallas al m\u00e9rito universitario.<\/p>\n\n\n\n<p>En la sesi\u00f3n, tomaron protesta como integrantes de la Comisi\u00f3n General Permanente de Planeaci\u00f3n: de la Unidad Saltillo el maestro suplente Pedro Enrique Trujillo Hern\u00e1ndez de la Facultad de Enfermer\u00eda, como, alumna titular Paola Israel\u00ed Capuchino Mart\u00ednez del IDEA, alumno suplente, Juan Carlos Lira Fern\u00e1ndez de la Facultad de Ingenier\u00eda.<\/p>\n\n\n\n<p>De la Unidad Torre\u00f3n, la maestra suplente Dra. Lorena Elizabeth Jurado Bichir de la Escuela de Sistemas, el alumno suplente, Edgar Yair G\u00f3mez Alonso de la Facultad de Contadur\u00eda y Administraci\u00f3n; por la Unidad Norte, el maestro suplente Antonio S\u00e1nchez Hern\u00e1ndez de la Escuela de Ciencias de la Salud; como alumno titular Cristopher Cort\u00e9s Gua de la Escuela de Bachilleres \u201cLuis Donaldo Colosio\u201d y el alumno suplente Arlene Ju\u00e1rez Delgado de la Escuela de Psicolog\u00eda.<\/p>\n\n\n\n<p>Mientras que la Comisi\u00f3n General de Hacienda la conforman de la Unidad Saltillo, como maestro titular Tirso Emanuel Flores Gu\u00eda de la Facultad de Ciencias Qu\u00edmicas, el maestro suplente, Sebasti\u00e1n Delgado Alejandro de la Facultad de Mercadotecnia; de la Unidad Torre\u00f3n, el maestro titular Mart\u00edn Jaramillo Rosales de la Facultad de Contadur\u00eda y Administraci\u00f3n, maestro suplente, Dra. Lilibeth Mendoza Wong de la Facultad de Administraci\u00f3n Fiscal y Financiera, alumna titular, Ana Cristina Estrada Mar\u00edn de la Facultad de Econom\u00eda y Mercadotecnia, alumna suplente, Evelyn Jimena Luna Jim\u00e9nez de la Escuela de Administraci\u00f3n de San Pedro.<\/p>\n","protected":false},"excerpt":{"rendered":"<p>TORRE\u00d3N, Coahuila. 31 de octubre de 2023. En cumplimiento al art\u00edculo 29 fracci\u00f3n IV del Estatuto Universitario, as\u00ed como los art\u00edculos 9 y 10 del reglamento Interno del H. Consejo Universitario de la Universidad Aut\u00f3noma de Coahuila, en Sesi\u00f3n Ordinaria fueron renovadas las Comisiones Generales Permanentes y Ordinarias. El rector Salvador Hern\u00e1ndez V\u00e9lez tom\u00f3 protesta&#8230;<\/p>\n","protected":false},"author":1,"featured_media":1400,"comment_status":"open","ping_status":"open","sticky":false,"template":"","format":"standard","meta":{"footnotes":""},"categories":[11,9],"tags":[],"class_list":["post-1399","post","type-post","status-publish","format-standard","has-post-thumbnail","hentry","category-uac","category-uac-uac"],"_links":{"self":[{"href":"https:\/\/lagumex.mx\/index\/wp-json\/wp\/v2\/posts\/1399","targetHints":{"allow":["GET"]}}],"collection":[{"href":"https:\/\/lagumex.mx\/index\/wp-json\/wp\/v2\/posts"}],"about":[{"href":"https:\/\/lagumex.mx\/index\/wp-json\/wp\/v2\/types\/post"}],"author":[{"embeddable":true,"href":"https:\/\/lagumex.mx\/index\/wp-json\/wp\/v2\/users\/1"}],"replies":[{"embeddable":true,"href":"https:\/\/lagumex.mx\/index\/wp-json\/wp\/v2\/comments?post=1399"}],"version-history":[{"count":1,"href":"https:\/\/lagumex.mx\/index\/wp-json\/wp\/v2\/posts\/1399\/revisions"}],"predecessor-version":[{"id":1401,"href":"https:\/\/lagumex.mx\/index\/wp-json\/wp\/v2\/posts\/1399\/revisions\/1401"}],"wp:featuredmedia":[{"embeddable":true,"href":"https:\/\/lagumex.mx\/index\/wp-json\/wp\/v2\/media\/1400"}],"wp:attachment":[{"href":"https:\/\/lagumex.mx\/index\/wp-json\/wp\/v2\/media?parent=1399"}],"wp:term":[{"taxonomy":"category","embeddable":true,"href":"https:\/\/lagumex.mx\/index\/wp-json\/wp\/v2\/categories?post=1399"},{"taxonomy":"post_tag","embeddable":true,"href":"https:\/\/lagumex.mx\/index\/wp-json\/wp\/v2\/tags?post=1399"}],"curies":[{"name":"wp","href":"https:\/\/api.w.org\/{rel}","templated":true}]}}