{"id":1392,"date":"2023-10-29T04:59:00","date_gmt":"2023-10-29T04:59:00","guid":{"rendered":"http:\/\/lagumex.mx\/index\/?p=1392"},"modified":"2023-10-31T16:59:46","modified_gmt":"2023-10-31T16:59:46","slug":"limitaran-acceso-a-vialidades-por-actividades-del-dia-de-muertos-en-lerdo","status":"publish","type":"post","link":"https:\/\/lagumex.mx\/index\/lerdo\/limitaran-acceso-a-vialidades-por-actividades-del-dia-de-muertos-en-lerdo\/","title":{"rendered":"Limitar\u00e1n acceso a vialidades por actividades del D\u00eda de Muertos en Lerdo"},"content":{"rendered":"\n<p>29 de octubre de 2023. La\u00a0<strong>Direcci\u00f3n de Tr\u00e1nsito y Vialidad<\/strong>\u00a0dio a conocer que del martes 31 de octubre al viernes 3 de noviembre se cerrar\u00e1 el paseo Sarabia, entre la calle Hidalgo y prolongaci\u00f3n Allende, por la\u00a0<strong>colocaci\u00f3n y exhibici\u00f3n de altares en el marco del D\u00eda de Muertos<\/strong>.<\/p>\n\n\n\n<p>El evento de\u00a0<strong>inauguraci\u00f3n de Altares y repartici\u00f3n de pan de muerto y chocolate<\/strong>, ser\u00e1 a las 7:00 de la noche del 31 de octubre, sin embargo, las actividades culturales dar\u00e1n inicio a partir de las 6:00 de la tarde, y la colocaci\u00f3n de altares iniciar\u00e1 la ma\u00f1ana del mismo d\u00eda. <\/p>\n\n\n\n<p>Posteriormente, el lunes primero de noviembre se desarrollar\u00e1 el&nbsp;<strong>desfile del D\u00eda de Muertos<\/strong>, organizado por la UTLD en coordinaci\u00f3n con la&nbsp;<strong>Direcci\u00f3n de Arte y Cultura<\/strong>, por lo que se limitar\u00e1 el paso a un carril por el boulevard Miguel Alem\u00e1n, desde la Unidad Deportiva \u2018Francisco Sarabia\u2019 hasta el parque Victoria, y la avenida Sarabia se mantendr\u00e1 cerrada hasta la vialidad Hidalgo.<\/p>\n\n\n\n<p>Se recomienda a la ciudadan\u00eda tomar rutas alternas para llegar a su destino.&nbsp;<strong>El Gobierno Municipal de Lerdo agradece su comprensi\u00f3n<\/strong>, as\u00ed mismo, les invita a disfrutar de estas tradicionales celebraciones en compa\u00f1\u00eda de su familia.<\/p>\n","protected":false},"excerpt":{"rendered":"<p>29 de octubre de 2023. La\u00a0Direcci\u00f3n de Tr\u00e1nsito y Vialidad\u00a0dio a conocer que del martes 31 de octubre al viernes 3 de noviembre se cerrar\u00e1 el paseo Sarabia, entre la calle Hidalgo y prolongaci\u00f3n Allende, por la\u00a0colocaci\u00f3n y exhibici\u00f3n de altares en el marco del D\u00eda de Muertos. El evento de\u00a0inauguraci\u00f3n de Altares y repartici\u00f3n&#8230;<\/p>\n","protected":false},"author":1,"featured_media":0,"comment_status":"open","ping_status":"open","sticky":false,"template":"","format":"standard","meta":{"footnotes":""},"categories":[3],"tags":[],"class_list":["post-1392","post","type-post","status-publish","format-standard","hentry","category-lerdo"],"_links":{"self":[{"href":"https:\/\/lagumex.mx\/index\/wp-json\/wp\/v2\/posts\/1392","targetHints":{"allow":["GET"]}}],"collection":[{"href":"https:\/\/lagumex.mx\/index\/wp-json\/wp\/v2\/posts"}],"about":[{"href":"https:\/\/lagumex.mx\/index\/wp-json\/wp\/v2\/types\/post"}],"author":[{"embeddable":true,"href":"https:\/\/lagumex.mx\/index\/wp-json\/wp\/v2\/users\/1"}],"replies":[{"embeddable":true,"href":"https:\/\/lagumex.mx\/index\/wp-json\/wp\/v2\/comments?post=1392"}],"version-history":[{"count":1,"href":"https:\/\/lagumex.mx\/index\/wp-json\/wp\/v2\/posts\/1392\/revisions"}],"predecessor-version":[{"id":1393,"href":"https:\/\/lagumex.mx\/index\/wp-json\/wp\/v2\/posts\/1392\/revisions\/1393"}],"wp:attachment":[{"href":"https:\/\/lagumex.mx\/index\/wp-json\/wp\/v2\/media?parent=1392"}],"wp:term":[{"taxonomy":"category","embeddable":true,"href":"https:\/\/lagumex.mx\/index\/wp-json\/wp\/v2\/categories?post=1392"},{"taxonomy":"post_tag","embeddable":true,"href":"https:\/\/lagumex.mx\/index\/wp-json\/wp\/v2\/tags?post=1392"}],"curies":[{"name":"wp","href":"https:\/\/api.w.org\/{rel}","templated":true}]}}