{"id":1380,"date":"2023-10-27T04:52:00","date_gmt":"2023-10-27T04:52:00","guid":{"rendered":"http:\/\/lagumex.mx\/index\/?p=1380"},"modified":"2023-10-31T16:53:39","modified_gmt":"2023-10-31T16:53:39","slug":"emitiran-convocatoria-para-participar-en-ciudadano-distinguido-2023","status":"publish","type":"post","link":"https:\/\/lagumex.mx\/index\/lerdo\/emitiran-convocatoria-para-participar-en-ciudadano-distinguido-2023\/","title":{"rendered":"Emitir\u00e1n convocatoria para participar en Ciudadano distinguido 2023"},"content":{"rendered":"\n<p>27 de octubre de 2023.El Cabildo de Lerdo aprob\u00f3 este jueves 26 de octubre en sesi\u00f3n ordinaria, dos propuestas para el 129 Aniversario de la Ciudad; la primera, presentada por el Alcalde Homero Mart\u00ednez Cabrera, para emitir la convocatoria de la elecci\u00f3n del Ciudadano Distinguido 2023.<\/p>\n\n\n\n<p>Se premiar\u00e1n las categor\u00edas Deportivo, Acad\u00e9mico, Art\u00edstico Cultural, Empresarial, Salud, Medio Ambiente, Labor Social, y Post \u2013 Mortem, en la Sesi\u00f3n Solemne de Cabildo n\u00famero 04, que se desarrollar\u00e1 el viernes 17 de noviembre en el teatro Hermila Galindo, a las 18:30 hrs. Este punto tambi\u00e9n fue aprobado. <\/p>\n\n\n\n<p>Ser\u00e1 pues, con motivo del 129 aniversario de Ciudad Lerdo que se entregar\u00e1 la presea \u2018Lic. Miguel Lerdo de Tejada\u2019 como \u2018Ciudadano Distinguido 2023\u2019.<\/p>\n\n\n\n<p>As\u00ed mismo, se autoriz\u00f3 dispensar la sesi\u00f3n ordinaria del pr\u00f3ximo jueves 2 de noviembre y suspender labores del personal administrativo del Ayuntamiento, con motivo del D\u00eda de Muertos, excluyendo a las \u00e1reas operativas que, por la \u00edndole del servicio que prestan a la ciudadan\u00eda, se requiere que se mantengan activas en la forma establecida.<\/p>\n","protected":false},"excerpt":{"rendered":"<p>27 de octubre de 2023.El Cabildo de Lerdo aprob\u00f3 este jueves 26 de octubre en sesi\u00f3n ordinaria, dos propuestas para el 129 Aniversario de la Ciudad; la primera, presentada por el Alcalde Homero Mart\u00ednez Cabrera, para emitir la convocatoria de la elecci\u00f3n del Ciudadano Distinguido 2023. Se premiar\u00e1n las categor\u00edas Deportivo, Acad\u00e9mico, Art\u00edstico Cultural, Empresarial,&#8230;<\/p>\n","protected":false},"author":1,"featured_media":1381,"comment_status":"open","ping_status":"open","sticky":false,"template":"","format":"standard","meta":{"footnotes":""},"categories":[3],"tags":[],"class_list":["post-1380","post","type-post","status-publish","format-standard","has-post-thumbnail","hentry","category-lerdo"],"_links":{"self":[{"href":"https:\/\/lagumex.mx\/index\/wp-json\/wp\/v2\/posts\/1380","targetHints":{"allow":["GET"]}}],"collection":[{"href":"https:\/\/lagumex.mx\/index\/wp-json\/wp\/v2\/posts"}],"about":[{"href":"https:\/\/lagumex.mx\/index\/wp-json\/wp\/v2\/types\/post"}],"author":[{"embeddable":true,"href":"https:\/\/lagumex.mx\/index\/wp-json\/wp\/v2\/users\/1"}],"replies":[{"embeddable":true,"href":"https:\/\/lagumex.mx\/index\/wp-json\/wp\/v2\/comments?post=1380"}],"version-history":[{"count":1,"href":"https:\/\/lagumex.mx\/index\/wp-json\/wp\/v2\/posts\/1380\/revisions"}],"predecessor-version":[{"id":1382,"href":"https:\/\/lagumex.mx\/index\/wp-json\/wp\/v2\/posts\/1380\/revisions\/1382"}],"wp:featuredmedia":[{"embeddable":true,"href":"https:\/\/lagumex.mx\/index\/wp-json\/wp\/v2\/media\/1381"}],"wp:attachment":[{"href":"https:\/\/lagumex.mx\/index\/wp-json\/wp\/v2\/media?parent=1380"}],"wp:term":[{"taxonomy":"category","embeddable":true,"href":"https:\/\/lagumex.mx\/index\/wp-json\/wp\/v2\/categories?post=1380"},{"taxonomy":"post_tag","embeddable":true,"href":"https:\/\/lagumex.mx\/index\/wp-json\/wp\/v2\/tags?post=1380"}],"curies":[{"name":"wp","href":"https:\/\/api.w.org\/{rel}","templated":true}]}}