{"id":1369,"date":"2023-10-13T04:46:00","date_gmt":"2023-10-13T04:46:00","guid":{"rendered":"http:\/\/lagumex.mx\/index\/?p=1369"},"modified":"2023-10-31T16:47:25","modified_gmt":"2023-10-31T16:47:25","slug":"clausuran-areas-de-riesgo-en-panteon-municipal-de-lerdo","status":"publish","type":"post","link":"https:\/\/lagumex.mx\/index\/lerdo\/clausuran-areas-de-riesgo-en-panteon-municipal-de-lerdo\/","title":{"rendered":"Clausuran \u00e1reas de riesgo en Pante\u00f3n Municipal de Lerdo"},"content":{"rendered":"\n<p>13 de octubre de 2023. La Coordinaci\u00f3n de Protecci\u00f3n Civil y Bomberos en Lerdo acordon\u00f3 las zonas de riesgo en el pante\u00f3n principal de ciudad Lerdo, con el fin de garantizar la seguridad de los visitantes durante los pr\u00f3ximos d\u00edas.<\/p>\n\n\n\n<p>Atendiendo la indicaciones del Presidente Municipal Homero Mart\u00ednez, y dando cumplimiento al protocolo de apertura gradual del camposanto, la titular de PC y B, Isabel Mac\u00edas Sifuentes, inform\u00f3 que este lunes inici\u00f3 el recorrido para supervisar los protocolos de prevenci\u00f3n y seguridad con miras a la visita de cientos de ciudadanos. <\/p>\n\n\n\n<p>En cuanto a las recomendaciones a la ciudadan\u00eda para visitar el camposanto, la funcionaria dijo que sugiere acudir con calzado c\u00f3modo y de uso rudo; una botella de agua potable para la rehidrataci\u00f3n (individual); cachucha o sombrero para cubrirse de los rayos del sol; as\u00ed como playera de manga larga y pantal\u00f3n.<\/p>\n\n\n\n<p>Por su parte, la coordinadora del pante\u00f3n principal de ciudad Lerdo, Mar\u00eda Gertrudis D\u00edaz-Couder se\u00f1al\u00f3 que en pr\u00f3ximos d\u00edas se habr\u00e1 de fijar el operativo a implementar para la apertura del cementerio, el uno y dos de noviembre, d\u00edas para honrar a los fieles difuntos.<\/p>\n","protected":false},"excerpt":{"rendered":"<p>13 de octubre de 2023. La Coordinaci\u00f3n de Protecci\u00f3n Civil y Bomberos en Lerdo acordon\u00f3 las zonas de riesgo en el pante\u00f3n principal de ciudad Lerdo, con el fin de garantizar la seguridad de los visitantes durante los pr\u00f3ximos d\u00edas. Atendiendo la indicaciones del Presidente Municipal Homero Mart\u00ednez, y dando cumplimiento al protocolo de apertura&#8230;<\/p>\n","protected":false},"author":1,"featured_media":0,"comment_status":"open","ping_status":"open","sticky":false,"template":"","format":"standard","meta":{"footnotes":""},"categories":[3],"tags":[],"class_list":["post-1369","post","type-post","status-publish","format-standard","hentry","category-lerdo"],"_links":{"self":[{"href":"https:\/\/lagumex.mx\/index\/wp-json\/wp\/v2\/posts\/1369","targetHints":{"allow":["GET"]}}],"collection":[{"href":"https:\/\/lagumex.mx\/index\/wp-json\/wp\/v2\/posts"}],"about":[{"href":"https:\/\/lagumex.mx\/index\/wp-json\/wp\/v2\/types\/post"}],"author":[{"embeddable":true,"href":"https:\/\/lagumex.mx\/index\/wp-json\/wp\/v2\/users\/1"}],"replies":[{"embeddable":true,"href":"https:\/\/lagumex.mx\/index\/wp-json\/wp\/v2\/comments?post=1369"}],"version-history":[{"count":1,"href":"https:\/\/lagumex.mx\/index\/wp-json\/wp\/v2\/posts\/1369\/revisions"}],"predecessor-version":[{"id":1370,"href":"https:\/\/lagumex.mx\/index\/wp-json\/wp\/v2\/posts\/1369\/revisions\/1370"}],"wp:attachment":[{"href":"https:\/\/lagumex.mx\/index\/wp-json\/wp\/v2\/media?parent=1369"}],"wp:term":[{"taxonomy":"category","embeddable":true,"href":"https:\/\/lagumex.mx\/index\/wp-json\/wp\/v2\/categories?post=1369"},{"taxonomy":"post_tag","embeddable":true,"href":"https:\/\/lagumex.mx\/index\/wp-json\/wp\/v2\/tags?post=1369"}],"curies":[{"name":"wp","href":"https:\/\/api.w.org\/{rel}","templated":true}]}}