{"id":1367,"date":"2023-10-23T04:45:00","date_gmt":"2023-10-23T04:45:00","guid":{"rendered":"http:\/\/lagumex.mx\/index\/?p=1367"},"modified":"2023-10-31T16:46:42","modified_gmt":"2023-10-31T16:46:42","slug":"al-70-la-venta-de-espacios-para-la-flor-de-temporada-en-lerdo","status":"publish","type":"post","link":"https:\/\/lagumex.mx\/index\/lerdo\/al-70-la-venta-de-espacios-para-la-flor-de-temporada-en-lerdo\/","title":{"rendered":"Al 70 % la venta de espacios para la flor de temporada en Lerdo"},"content":{"rendered":"\n<p>23 de octubre de 2023. El titular del departamento de Plazas y Mercados de Lerdo, Iv\u00e1n S\u00e1nchez, inform\u00f3 que la venta de espacios para los comerciantes de flores de temporada ha alcanzado un 70 por ciento de ocupaci\u00f3n. Por lo tanto, se invita a los interesados a acercarse a la dependencia para conocer los requisitos necesarios y adquirir un espacio durante los d\u00edas uno y dos de noviembre.<\/p>\n\n\n\n<p>El funcionario mencion\u00f3 que, acatando las indicaciones del Alcalde Homero Mart\u00ednez, la oferta de espacios en la plaza principal y en el cementerio de la ciudad para la venta de flores de temporada, comenz\u00f3 a mediados del presente mes de octubre.<\/p>\n\n\n\n<p>El titular del departamento de Plazas y Mercados de Lerdo, Iv\u00e1n S\u00e1nchez, inform\u00f3 que la venta de espacios para los comerciantes de flores de temporada ha alcanzado un 70 por ciento de ocupaci\u00f3n. Por lo tanto, se invita a los interesados a acercarse a la dependencia para conocer los requisitos necesarios y adquirir un espacio durante los d\u00edas uno y dos de noviembre.<\/p>\n\n\n\n<p>El funcionario mencion\u00f3 que, acatando las indicaciones del Alcalde Homero Mart\u00ednez, la oferta de espacios en la plaza principal y en el cementerio de la ciudad para la venta de flores de temporada, comenz\u00f3 a mediados del presente mes de octubre.<\/p>\n","protected":false},"excerpt":{"rendered":"<p>23 de octubre de 2023. El titular del departamento de Plazas y Mercados de Lerdo, Iv\u00e1n S\u00e1nchez, inform\u00f3 que la venta de espacios para los comerciantes de flores de temporada ha alcanzado un 70 por ciento de ocupaci\u00f3n. Por lo tanto, se invita a los interesados a acercarse a la dependencia para conocer los requisitos&#8230;<\/p>\n","protected":false},"author":1,"featured_media":0,"comment_status":"open","ping_status":"open","sticky":false,"template":"","format":"standard","meta":{"footnotes":""},"categories":[3],"tags":[],"class_list":["post-1367","post","type-post","status-publish","format-standard","hentry","category-lerdo"],"_links":{"self":[{"href":"https:\/\/lagumex.mx\/index\/wp-json\/wp\/v2\/posts\/1367","targetHints":{"allow":["GET"]}}],"collection":[{"href":"https:\/\/lagumex.mx\/index\/wp-json\/wp\/v2\/posts"}],"about":[{"href":"https:\/\/lagumex.mx\/index\/wp-json\/wp\/v2\/types\/post"}],"author":[{"embeddable":true,"href":"https:\/\/lagumex.mx\/index\/wp-json\/wp\/v2\/users\/1"}],"replies":[{"embeddable":true,"href":"https:\/\/lagumex.mx\/index\/wp-json\/wp\/v2\/comments?post=1367"}],"version-history":[{"count":1,"href":"https:\/\/lagumex.mx\/index\/wp-json\/wp\/v2\/posts\/1367\/revisions"}],"predecessor-version":[{"id":1368,"href":"https:\/\/lagumex.mx\/index\/wp-json\/wp\/v2\/posts\/1367\/revisions\/1368"}],"wp:attachment":[{"href":"https:\/\/lagumex.mx\/index\/wp-json\/wp\/v2\/media?parent=1367"}],"wp:term":[{"taxonomy":"category","embeddable":true,"href":"https:\/\/lagumex.mx\/index\/wp-json\/wp\/v2\/categories?post=1367"},{"taxonomy":"post_tag","embeddable":true,"href":"https:\/\/lagumex.mx\/index\/wp-json\/wp\/v2\/tags?post=1367"}],"curies":[{"name":"wp","href":"https:\/\/api.w.org\/{rel}","templated":true}]}}