{"id":1365,"date":"2023-10-22T04:19:00","date_gmt":"2023-10-22T04:19:00","guid":{"rendered":"http:\/\/lagumex.mx\/index\/?p=1365"},"modified":"2023-10-31T16:25:12","modified_gmt":"2023-10-31T16:25:12","slug":"es-mini-guardianes-de-la-prevencion-un-programa-de-alto-impacto-en-ninos-de-lerdo","status":"publish","type":"post","link":"https:\/\/lagumex.mx\/index\/lerdo\/es-mini-guardianes-de-la-prevencion-un-programa-de-alto-impacto-en-ninos-de-lerdo\/","title":{"rendered":"Es &#8216;Mini guardianes de la prevenci\u00f3n&#8217; un programa de alto impacto en ni\u00f1os de Lerdo"},"content":{"rendered":"\n<p>22 de octubre de 2023.El programa \u00b4Mini Guardianes de la Prevenci\u00f3n\u2019 impulsado por el Alcalde Homero Mart\u00ednez Cabrera, a trav\u00e9s de la Coordinaci\u00f3n de Protecci\u00f3n Civil y Bomberos, ha logrado impactar positivamente en los m\u00e1s peque\u00f1os del hogar, visitando las escuelas tanto del sector p\u00fablico como privado, y en esta segunda edici\u00f3n tambi\u00e9n a los jardines de ni\u00f1os.<\/p>\n\n\n\n<p>Isabel Mac\u00edas Sifuentes, coordinadora de Protecci\u00f3n Civil y Bomberos, destac\u00f3 que Lerdo es el primer municipio del estado en impulsar este programa capacitando a 7 mil 600 alumnos en la primera etapa, adem\u00e1s en esta segunda fase del programa se han llegado a 3 mil 782 alumnos m\u00e1s y 222 maestros, por medio de visitas a un total de 30 instituciones educativas, primarias y jardines de ni\u00f1os.<\/p>\n\n\n\n<p>El programa \u00b4Mini Guardianes de la Prevenci\u00f3n\u2019 impulsado por el Alcalde Homero Mart\u00ednez Cabrera, a trav\u00e9s de la Coordinaci\u00f3n de Protecci\u00f3n Civil y Bomberos, ha logrado impactar positivamente en los m\u00e1s peque\u00f1os del hogar, visitando las escuelas tanto del sector p\u00fablico como privado, y en esta segunda edici\u00f3n tambi\u00e9n a los jardines de ni\u00f1os.<\/p>\n\n\n\n<p>Isabel Mac\u00edas Sifuentes, coordinadora de Protecci\u00f3n Civil y Bomberos, destac\u00f3 que Lerdo es el primer municipio del estado en impulsar este programa capacitando a 7 mil 600 alumnos en la primera etapa, adem\u00e1s en esta segunda fase del programa se han llegado a 3 mil 782 alumnos m\u00e1s y 222 maestros, por medio de visitas a un total de 30 instituciones educativas, primarias y jardines de ni\u00f1os.<\/p>\n","protected":false},"excerpt":{"rendered":"<p>22 de octubre de 2023.El programa \u00b4Mini Guardianes de la Prevenci\u00f3n\u2019 impulsado por el Alcalde Homero Mart\u00ednez Cabrera, a trav\u00e9s de la Coordinaci\u00f3n de Protecci\u00f3n Civil y Bomberos, ha logrado impactar positivamente en los m\u00e1s peque\u00f1os del hogar, visitando las escuelas tanto del sector p\u00fablico como privado, y en esta segunda edici\u00f3n tambi\u00e9n a los&#8230;<\/p>\n","protected":false},"author":1,"featured_media":0,"comment_status":"open","ping_status":"open","sticky":false,"template":"","format":"standard","meta":{"footnotes":""},"categories":[3],"tags":[],"class_list":["post-1365","post","type-post","status-publish","format-standard","hentry","category-lerdo"],"_links":{"self":[{"href":"https:\/\/lagumex.mx\/index\/wp-json\/wp\/v2\/posts\/1365","targetHints":{"allow":["GET"]}}],"collection":[{"href":"https:\/\/lagumex.mx\/index\/wp-json\/wp\/v2\/posts"}],"about":[{"href":"https:\/\/lagumex.mx\/index\/wp-json\/wp\/v2\/types\/post"}],"author":[{"embeddable":true,"href":"https:\/\/lagumex.mx\/index\/wp-json\/wp\/v2\/users\/1"}],"replies":[{"embeddable":true,"href":"https:\/\/lagumex.mx\/index\/wp-json\/wp\/v2\/comments?post=1365"}],"version-history":[{"count":1,"href":"https:\/\/lagumex.mx\/index\/wp-json\/wp\/v2\/posts\/1365\/revisions"}],"predecessor-version":[{"id":1366,"href":"https:\/\/lagumex.mx\/index\/wp-json\/wp\/v2\/posts\/1365\/revisions\/1366"}],"wp:attachment":[{"href":"https:\/\/lagumex.mx\/index\/wp-json\/wp\/v2\/media?parent=1365"}],"wp:term":[{"taxonomy":"category","embeddable":true,"href":"https:\/\/lagumex.mx\/index\/wp-json\/wp\/v2\/categories?post=1365"},{"taxonomy":"post_tag","embeddable":true,"href":"https:\/\/lagumex.mx\/index\/wp-json\/wp\/v2\/tags?post=1365"}],"curies":[{"name":"wp","href":"https:\/\/api.w.org\/{rel}","templated":true}]}}