{"id":1362,"date":"2023-10-21T04:17:00","date_gmt":"2023-10-21T04:17:00","guid":{"rendered":"http:\/\/lagumex.mx\/index\/?p=1362"},"modified":"2023-10-31T16:19:18","modified_gmt":"2023-10-31T16:19:18","slug":"conmemoran-aniversario-luctuoso-del-gral-lazaro-cardenas-en-plaza-de-lerdo","status":"publish","type":"post","link":"https:\/\/lagumex.mx\/index\/lerdo\/conmemoran-aniversario-luctuoso-del-gral-lazaro-cardenas-en-plaza-de-lerdo\/","title":{"rendered":"Conmemoran Aniversario Luctuoso del Gral. L\u00e1zaro C\u00e1rdenas en Plaza de Lerdo"},"content":{"rendered":"\n<p>21 de octubre de 2023. El Gobierno Municipal de Lerdo, conmemor\u00f3 el\u00a0<strong>53 Aniversario Luctuoso del General L\u00e1zaro C\u00e1rdenas del R\u00edo<\/strong>, este jueves 19 de octubre en la\u00a0<strong>plaza principal de la ciudad<\/strong>, frente al busto en su honor.<\/p>\n\n\n\n<p>En representaci\u00f3n del&nbsp;<strong>Presidente Municipal Homero Mart\u00ednez Cabrera<\/strong>, el secretario t\u00e9cnico Ram\u00f3n Acosta destac\u00f3 el trabajo y la responsabilidad de la<strong>&nbsp;primera autoridad en el municipio que, como el Gral. C\u00e1rdenas<\/strong>, vela por el bien del pueblo en busca de mejores oportunidades para los lerdenses, en el desarrollo econ\u00f3mico, educativo, social y el crecimiento urbano del Lerdo, por lo que reconoci\u00f3 su presencia y la de su esposa, la diputada Susy Torrecillas, en el territorio.<\/p>\n","protected":false},"excerpt":{"rendered":"<p>21 de octubre de 2023. El Gobierno Municipal de Lerdo, conmemor\u00f3 el\u00a053 Aniversario Luctuoso del General L\u00e1zaro C\u00e1rdenas del R\u00edo, este jueves 19 de octubre en la\u00a0plaza principal de la ciudad, frente al busto en su honor. En representaci\u00f3n del&nbsp;Presidente Municipal Homero Mart\u00ednez Cabrera, el secretario t\u00e9cnico Ram\u00f3n Acosta destac\u00f3 el trabajo y la responsabilidad&#8230;<\/p>\n","protected":false},"author":1,"featured_media":1363,"comment_status":"open","ping_status":"open","sticky":false,"template":"","format":"standard","meta":{"footnotes":""},"categories":[3],"tags":[],"class_list":["post-1362","post","type-post","status-publish","format-standard","has-post-thumbnail","hentry","category-lerdo"],"_links":{"self":[{"href":"https:\/\/lagumex.mx\/index\/wp-json\/wp\/v2\/posts\/1362","targetHints":{"allow":["GET"]}}],"collection":[{"href":"https:\/\/lagumex.mx\/index\/wp-json\/wp\/v2\/posts"}],"about":[{"href":"https:\/\/lagumex.mx\/index\/wp-json\/wp\/v2\/types\/post"}],"author":[{"embeddable":true,"href":"https:\/\/lagumex.mx\/index\/wp-json\/wp\/v2\/users\/1"}],"replies":[{"embeddable":true,"href":"https:\/\/lagumex.mx\/index\/wp-json\/wp\/v2\/comments?post=1362"}],"version-history":[{"count":1,"href":"https:\/\/lagumex.mx\/index\/wp-json\/wp\/v2\/posts\/1362\/revisions"}],"predecessor-version":[{"id":1364,"href":"https:\/\/lagumex.mx\/index\/wp-json\/wp\/v2\/posts\/1362\/revisions\/1364"}],"wp:featuredmedia":[{"embeddable":true,"href":"https:\/\/lagumex.mx\/index\/wp-json\/wp\/v2\/media\/1363"}],"wp:attachment":[{"href":"https:\/\/lagumex.mx\/index\/wp-json\/wp\/v2\/media?parent=1362"}],"wp:term":[{"taxonomy":"category","embeddable":true,"href":"https:\/\/lagumex.mx\/index\/wp-json\/wp\/v2\/categories?post=1362"},{"taxonomy":"post_tag","embeddable":true,"href":"https:\/\/lagumex.mx\/index\/wp-json\/wp\/v2\/tags?post=1362"}],"curies":[{"name":"wp","href":"https:\/\/api.w.org\/{rel}","templated":true}]}}