{"id":1359,"date":"2023-10-20T04:16:00","date_gmt":"2023-10-20T04:16:00","guid":{"rendered":"http:\/\/lagumex.mx\/index\/?p=1359"},"modified":"2023-10-31T16:17:35","modified_gmt":"2023-10-31T16:17:35","slug":"participa-homero-martinez-en-segunda-sesion-ordinaria-del-comite-del-plan-de-desarrollo","status":"publish","type":"post","link":"https:\/\/lagumex.mx\/index\/lerdo\/participa-homero-martinez-en-segunda-sesion-ordinaria-del-comite-del-plan-de-desarrollo\/","title":{"rendered":"Participa Homero Mart\u00ednez en segunda sesi\u00f3n ordinaria del Comit\u00e9 del Plan de Desarrollo"},"content":{"rendered":"\n<p>20 de octubre de 2023.Este martes por la tarde, el alcalde de Lerdo Homero Mart\u00ednez Cabrera, encabez\u00f3 la segunda sesi\u00f3n ordinaria del Comit\u00e9 encargado de la construcci\u00f3n del Plan de Desarrollo Municipal y Urbano de Lerdo, en compa\u00f1\u00eda del consultor de la empresa IDOM, Miguel Mat\u00edas P\u00e9rez.<\/p>\n\n\n\n<p>La sesi\u00f3n tuvo lugar en el lobby del Teatro Hermila Galindo y cont\u00f3 con una amplia asistencia que incluy\u00f3 a comisariados ejidales, empresarios, constructores, estudiantes, miembros activos del comit\u00e9 y miembros de la sociedad en general.<\/p>\n\n\n\n<p>Durante la reuni\u00f3n, el Presidente Municipal resalt\u00f3 la relevancia de que Lerdo sea uno de los seis municipios seleccionados para la actualizaci\u00f3n de su Plan de Desarrollo Municipal. Esto representa una oportunidad para garantizar un crecimiento sustentable en \u00e1reas clave, como la industria, econom\u00eda, movilidad, vivienda y ecolog\u00eda, entre otros, con una visi\u00f3n a futuro de 30 a\u00f1os.<\/p>\n","protected":false},"excerpt":{"rendered":"<p>20 de octubre de 2023.Este martes por la tarde, el alcalde de Lerdo Homero Mart\u00ednez Cabrera, encabez\u00f3 la segunda sesi\u00f3n ordinaria del Comit\u00e9 encargado de la construcci\u00f3n del Plan de Desarrollo Municipal y Urbano de Lerdo, en compa\u00f1\u00eda del consultor de la empresa IDOM, Miguel Mat\u00edas P\u00e9rez. La sesi\u00f3n tuvo lugar en el lobby del&#8230;<\/p>\n","protected":false},"author":1,"featured_media":1360,"comment_status":"open","ping_status":"open","sticky":false,"template":"","format":"standard","meta":{"footnotes":""},"categories":[3],"tags":[],"class_list":["post-1359","post","type-post","status-publish","format-standard","has-post-thumbnail","hentry","category-lerdo"],"_links":{"self":[{"href":"https:\/\/lagumex.mx\/index\/wp-json\/wp\/v2\/posts\/1359","targetHints":{"allow":["GET"]}}],"collection":[{"href":"https:\/\/lagumex.mx\/index\/wp-json\/wp\/v2\/posts"}],"about":[{"href":"https:\/\/lagumex.mx\/index\/wp-json\/wp\/v2\/types\/post"}],"author":[{"embeddable":true,"href":"https:\/\/lagumex.mx\/index\/wp-json\/wp\/v2\/users\/1"}],"replies":[{"embeddable":true,"href":"https:\/\/lagumex.mx\/index\/wp-json\/wp\/v2\/comments?post=1359"}],"version-history":[{"count":1,"href":"https:\/\/lagumex.mx\/index\/wp-json\/wp\/v2\/posts\/1359\/revisions"}],"predecessor-version":[{"id":1361,"href":"https:\/\/lagumex.mx\/index\/wp-json\/wp\/v2\/posts\/1359\/revisions\/1361"}],"wp:featuredmedia":[{"embeddable":true,"href":"https:\/\/lagumex.mx\/index\/wp-json\/wp\/v2\/media\/1360"}],"wp:attachment":[{"href":"https:\/\/lagumex.mx\/index\/wp-json\/wp\/v2\/media?parent=1359"}],"wp:term":[{"taxonomy":"category","embeddable":true,"href":"https:\/\/lagumex.mx\/index\/wp-json\/wp\/v2\/categories?post=1359"},{"taxonomy":"post_tag","embeddable":true,"href":"https:\/\/lagumex.mx\/index\/wp-json\/wp\/v2\/tags?post=1359"}],"curies":[{"name":"wp","href":"https:\/\/api.w.org\/{rel}","templated":true}]}}