{"id":1356,"date":"2023-10-19T04:13:00","date_gmt":"2023-10-19T04:13:00","guid":{"rendered":"http:\/\/lagumex.mx\/index\/?p=1356"},"modified":"2023-10-31T16:16:02","modified_gmt":"2023-10-31T16:16:02","slug":"arranca-taller-por-dia-de-muertos-en-instituto-de-discapacidad","status":"publish","type":"post","link":"https:\/\/lagumex.mx\/index\/lerdo\/arranca-taller-por-dia-de-muertos-en-instituto-de-discapacidad\/","title":{"rendered":"Arranca taller por D\u00eda de Muertos en Instituto de Discapacidad"},"content":{"rendered":"\n<p>19 de octubre de 2023.La directora del Instituto para el\u00a0<strong>Desarrollo y la Inclusi\u00f3n de las Personas con Discapacidad<\/strong>\u00a0en el Municipio de Lerdo,\u00a0<strong>Karimme Lizbeth Caldera Cer\u00f3n<\/strong>, comparti\u00f3 que el taller de elaboraci\u00f3n de coronas para el d\u00eda de muertos ya dio arranque en la\u00a0<strong>Casa de la Cultura<\/strong>, en el marco de esta celebraci\u00f3n importante para horrar a los fieles difuntos.<\/p>\n\n\n\n<p>Este curso completamente gratuito, constar\u00e1 de 6 sesiones, ser\u00e1 impartido por\u00a0<strong>Mar\u00eda Noe Hern\u00e1ndez Mart\u00ednez, y se llevar\u00e1 a cabo los d\u00edas lunes<\/strong>,\u00a0<strong>mi\u00e9rcoles y viernes<\/strong>, de 10:00 de la ma\u00f1ana a 12:00 del mediod\u00eda, con la participaci\u00f3n de 30 personas con discapacidad y familiares. <\/p>\n\n\n\n<p>A trav\u00e9s de esta actividad&nbsp;<strong>se busca la manera de capacitar a las personas para autoemplearse y generar ingresos propios<\/strong>, por medio de un trabajo honesto y creativo que les permita vender art\u00edculos de temporada, elaborados con materiales proporcionados por el&nbsp;<strong>Presidente Municipal Homero Mart\u00ednez Cabrera<\/strong>.<\/p>\n\n\n\n<p>La funcionaria reconoci\u00f3 la labor del alcalde de Lerdo, pues su intenci\u00f3n es fortalecer a las familias vulnerables brind\u00e1ndoles las herramientas para salir adelante, pues&nbsp;<strong>este tipo de acciones permite que generen un sustento extra para su hogar y eleven su calidad de vida<\/strong>.<\/p>\n","protected":false},"excerpt":{"rendered":"<p>19 de octubre de 2023.La directora del Instituto para el\u00a0Desarrollo y la Inclusi\u00f3n de las Personas con Discapacidad\u00a0en el Municipio de Lerdo,\u00a0Karimme Lizbeth Caldera Cer\u00f3n, comparti\u00f3 que el taller de elaboraci\u00f3n de coronas para el d\u00eda de muertos ya dio arranque en la\u00a0Casa de la Cultura, en el marco de esta celebraci\u00f3n importante para horrar&#8230;<\/p>\n","protected":false},"author":1,"featured_media":1357,"comment_status":"open","ping_status":"open","sticky":false,"template":"","format":"standard","meta":{"footnotes":""},"categories":[3],"tags":[],"class_list":["post-1356","post","type-post","status-publish","format-standard","has-post-thumbnail","hentry","category-lerdo"],"_links":{"self":[{"href":"https:\/\/lagumex.mx\/index\/wp-json\/wp\/v2\/posts\/1356","targetHints":{"allow":["GET"]}}],"collection":[{"href":"https:\/\/lagumex.mx\/index\/wp-json\/wp\/v2\/posts"}],"about":[{"href":"https:\/\/lagumex.mx\/index\/wp-json\/wp\/v2\/types\/post"}],"author":[{"embeddable":true,"href":"https:\/\/lagumex.mx\/index\/wp-json\/wp\/v2\/users\/1"}],"replies":[{"embeddable":true,"href":"https:\/\/lagumex.mx\/index\/wp-json\/wp\/v2\/comments?post=1356"}],"version-history":[{"count":1,"href":"https:\/\/lagumex.mx\/index\/wp-json\/wp\/v2\/posts\/1356\/revisions"}],"predecessor-version":[{"id":1358,"href":"https:\/\/lagumex.mx\/index\/wp-json\/wp\/v2\/posts\/1356\/revisions\/1358"}],"wp:featuredmedia":[{"embeddable":true,"href":"https:\/\/lagumex.mx\/index\/wp-json\/wp\/v2\/media\/1357"}],"wp:attachment":[{"href":"https:\/\/lagumex.mx\/index\/wp-json\/wp\/v2\/media?parent=1356"}],"wp:term":[{"taxonomy":"category","embeddable":true,"href":"https:\/\/lagumex.mx\/index\/wp-json\/wp\/v2\/categories?post=1356"},{"taxonomy":"post_tag","embeddable":true,"href":"https:\/\/lagumex.mx\/index\/wp-json\/wp\/v2\/tags?post=1356"}],"curies":[{"name":"wp","href":"https:\/\/api.w.org\/{rel}","templated":true}]}}