{"id":1343,"date":"2023-10-15T05:54:00","date_gmt":"2023-10-15T05:54:00","guid":{"rendered":"http:\/\/lagumex.mx\/index\/?p=1343"},"modified":"2023-10-30T17:55:24","modified_gmt":"2023-10-30T17:55:24","slug":"para-noviembre-lerdo-contara-con-centro-de-resguardo-para-mujeres","status":"publish","type":"post","link":"https:\/\/lagumex.mx\/index\/lerdo\/para-noviembre-lerdo-contara-con-centro-de-resguardo-para-mujeres\/","title":{"rendered":"Para noviembre Lerdo contar\u00e1 con Centro de resguardo para mujeres"},"content":{"rendered":"\n<p>15 de octubre de 2023.Derivado de una petici\u00f3n y necesidad para que Lerdo contara con un Centro de Resguardo el cual contar\u00e1 con una capacidad para albergar entre 10 y 15 personas, gesti\u00f3n que se logr\u00f3 ante el apoyo del alcalde de Homero Mart\u00ednez Cabrera.<\/p>\n\n\n\n<p>Mar\u00eda del Refugio Adame G\u00fcereca, directora del Instituto Municipal de la Mujer, dio a conocer que ser\u00e1 a finales del mes de noviembre cuando el centro de resguardo municipal entre en funcionamiento en Lerdo, \u201cpuedo comentar que ahorita en el IMM atendemos de 2 a tres personas que a veces se tienen que resguardar por semana, tenemos una capacidad amplia para que podamos atenderlas como ellas lo necesitan\u201d, sostuvo.<\/p>\n","protected":false},"excerpt":{"rendered":"<p>15 de octubre de 2023.Derivado de una petici\u00f3n y necesidad para que Lerdo contara con un Centro de Resguardo el cual contar\u00e1 con una capacidad para albergar entre 10 y 15 personas, gesti\u00f3n que se logr\u00f3 ante el apoyo del alcalde de Homero Mart\u00ednez Cabrera. Mar\u00eda del Refugio Adame G\u00fcereca, directora del Instituto Municipal de&#8230;<\/p>\n","protected":false},"author":1,"featured_media":0,"comment_status":"open","ping_status":"open","sticky":false,"template":"","format":"standard","meta":{"footnotes":""},"categories":[3],"tags":[],"class_list":["post-1343","post","type-post","status-publish","format-standard","hentry","category-lerdo"],"_links":{"self":[{"href":"https:\/\/lagumex.mx\/index\/wp-json\/wp\/v2\/posts\/1343","targetHints":{"allow":["GET"]}}],"collection":[{"href":"https:\/\/lagumex.mx\/index\/wp-json\/wp\/v2\/posts"}],"about":[{"href":"https:\/\/lagumex.mx\/index\/wp-json\/wp\/v2\/types\/post"}],"author":[{"embeddable":true,"href":"https:\/\/lagumex.mx\/index\/wp-json\/wp\/v2\/users\/1"}],"replies":[{"embeddable":true,"href":"https:\/\/lagumex.mx\/index\/wp-json\/wp\/v2\/comments?post=1343"}],"version-history":[{"count":1,"href":"https:\/\/lagumex.mx\/index\/wp-json\/wp\/v2\/posts\/1343\/revisions"}],"predecessor-version":[{"id":1344,"href":"https:\/\/lagumex.mx\/index\/wp-json\/wp\/v2\/posts\/1343\/revisions\/1344"}],"wp:attachment":[{"href":"https:\/\/lagumex.mx\/index\/wp-json\/wp\/v2\/media?parent=1343"}],"wp:term":[{"taxonomy":"category","embeddable":true,"href":"https:\/\/lagumex.mx\/index\/wp-json\/wp\/v2\/categories?post=1343"},{"taxonomy":"post_tag","embeddable":true,"href":"https:\/\/lagumex.mx\/index\/wp-json\/wp\/v2\/tags?post=1343"}],"curies":[{"name":"wp","href":"https:\/\/api.w.org\/{rel}","templated":true}]}}