{"id":1335,"date":"2023-10-29T05:49:00","date_gmt":"2023-10-29T05:49:00","guid":{"rendered":"http:\/\/lagumex.mx\/index\/?p=1335"},"modified":"2023-10-30T17:50:36","modified_gmt":"2023-10-30T17:50:36","slug":"historica-participacion-de-duranguenses-en-marea-rosa-2023-con-9-mil-500-asistentes-se-supero-la-meta","status":"publish","type":"post","link":"https:\/\/lagumex.mx\/index\/durango\/historica-participacion-de-duranguenses-en-marea-rosa-2023-con-9-mil-500-asistentes-se-supero-la-meta\/","title":{"rendered":"Hist\u00f3rica participaci\u00f3n de duranguenses en \u201cMarea Rosa 2023\u201d; con 9 mil 500 asistentes se super\u00f3 la meta"},"content":{"rendered":"\n<p>29 de octubre de 2023.Ahora la Ruta de la Salud ya podr\u00e1 contar con el cami\u00f3n rosa para la detecci\u00f3n oportuna del c\u00e1ncer de mama; llegar\u00e1 a zonas m\u00e1s alejadas del estado.<\/p>\n\n\n\n<p>&nbsp;\u201cGracias por sumar esperanza y sus corazones a la Marea Rosa 2023, con cada aportaci\u00f3n, ser\u00e1 posible adquirir un cami\u00f3n que se unir\u00e1 a la Ruta de la Salud para cuidar y prevenir el c\u00e1ncer de mama\u201d, dijo la presidenta del DIF Estatal, Marisol Rosso Rivera al dar a conocer junto al gobernador Esteban Villegas, la cifra hist\u00f3rica de 9 mil 500 participantes en esta m\u00e1gica edici\u00f3n, tanto de Durango como de La Laguna.&nbsp;<\/p>\n\n\n\n<p>Con el \u00e1nimo de la gran familia duranguense, entre lluvia de color, espuma, sorpresas y buen ambiente, se llev\u00f3 a cabo la carrera atl\u00e9tica m\u00e1s esperada, que con 5 kil\u00f3metros inund\u00f3 de amor y diversi\u00f3n a grandes y peque\u00f1os que recorrieron las inmediaciones del Parque Guadiana y del Paseo de las Alamedas.<\/p>\n\n\n\n<p>La titular del DIF Estatal, agradeci\u00f3 la colaboraci\u00f3n de los duranguenses, patrocinadores y del Gobierno de Esteban Villegas, ya que la meta de asistencia fue superada y con cada inscripci\u00f3n se contribuye a reavivar la esperanza de vida a muchas familias que luchan contra el c\u00e1ncer de mama.<\/p>\n\n\n\n<p>Luego de pasar una ma\u00f1ana llena de sonrisas y color, el mandatario Esteban Villegas Villarreal, recibi\u00f3 el cheque de lo que se recaud\u00f3 entre estas dos carreras de convivencia, con el cual,&nbsp; la \u201cRuta de la Salud\u201d ahora podr\u00e1 contar con una unidad especializada que llegar\u00e1 hasta las comunidades m\u00e1s alejadas para la detecci\u00f3n oportuna de esta enfermedad.<\/p>\n\n\n\n<p>Con seguridad, este cami\u00f3n arribar\u00e1 para que m\u00e1s mujeres puedan estar pendiente de su salud y que llegue la atenci\u00f3n all\u00e1 en lugares donde no hay nada, \u201ctenemos que seguir cuidando lo m\u00e1s importante, las mujeres, jefas de familias trabajadoras y que luchan por una mejor calidad de su gente, apunt\u00f3.<\/p>\n\n\n\n<p>Al llegar los participantes a la meta, Marisol y Esteban dieron paso a la explosi\u00f3n de color, cubriendo de rosa a todos los asistentes, luego partieron un pastel para compartir con todos y as\u00ed cerrar con broche de oro las actividades del mes de octubre que conmemora a las mujeres que luchan con valor y coraz\u00f3n para vencer el c\u00e1ncer de mama.<\/p>\n\n\n\n<p>\u201cY nos vemos el pr\u00f3ximo 2024\u201d, expresaron el Gobernador y la Presidenta del DIF Estatal, al anticipar que en la siguiente edici\u00f3n de la Marea Rosa se contar\u00e1 con m\u00e1s sorpresas y como siempre el buen \u00e1nimo que distingue a los duranguenses.<\/p>\n","protected":false},"excerpt":{"rendered":"<p>29 de octubre de 2023.Ahora la Ruta de la Salud ya podr\u00e1 contar con el cami\u00f3n rosa para la detecci\u00f3n oportuna del c\u00e1ncer de mama; llegar\u00e1 a zonas m\u00e1s alejadas del estado. &nbsp;\u201cGracias por sumar esperanza y sus corazones a la Marea Rosa 2023, con cada aportaci\u00f3n, ser\u00e1 posible adquirir un cami\u00f3n que se unir\u00e1&#8230;<\/p>\n","protected":false},"author":1,"featured_media":1336,"comment_status":"open","ping_status":"open","sticky":false,"template":"","format":"standard","meta":{"footnotes":""},"categories":[1],"tags":[],"class_list":["post-1335","post","type-post","status-publish","format-standard","has-post-thumbnail","hentry","category-durango"],"_links":{"self":[{"href":"https:\/\/lagumex.mx\/index\/wp-json\/wp\/v2\/posts\/1335","targetHints":{"allow":["GET"]}}],"collection":[{"href":"https:\/\/lagumex.mx\/index\/wp-json\/wp\/v2\/posts"}],"about":[{"href":"https:\/\/lagumex.mx\/index\/wp-json\/wp\/v2\/types\/post"}],"author":[{"embeddable":true,"href":"https:\/\/lagumex.mx\/index\/wp-json\/wp\/v2\/users\/1"}],"replies":[{"embeddable":true,"href":"https:\/\/lagumex.mx\/index\/wp-json\/wp\/v2\/comments?post=1335"}],"version-history":[{"count":1,"href":"https:\/\/lagumex.mx\/index\/wp-json\/wp\/v2\/posts\/1335\/revisions"}],"predecessor-version":[{"id":1337,"href":"https:\/\/lagumex.mx\/index\/wp-json\/wp\/v2\/posts\/1335\/revisions\/1337"}],"wp:featuredmedia":[{"embeddable":true,"href":"https:\/\/lagumex.mx\/index\/wp-json\/wp\/v2\/media\/1336"}],"wp:attachment":[{"href":"https:\/\/lagumex.mx\/index\/wp-json\/wp\/v2\/media?parent=1335"}],"wp:term":[{"taxonomy":"category","embeddable":true,"href":"https:\/\/lagumex.mx\/index\/wp-json\/wp\/v2\/categories?post=1335"},{"taxonomy":"post_tag","embeddable":true,"href":"https:\/\/lagumex.mx\/index\/wp-json\/wp\/v2\/tags?post=1335"}],"curies":[{"name":"wp","href":"https:\/\/api.w.org\/{rel}","templated":true}]}}