{"id":1324,"date":"2023-10-25T05:42:00","date_gmt":"2023-10-25T05:42:00","guid":{"rendered":"http:\/\/lagumex.mx\/index\/?p=1324"},"modified":"2023-10-30T17:44:12","modified_gmt":"2023-10-30T17:44:12","slug":"ya-esta-cerca-la-marea-rosa-5k-invitan-marisol-y-esteban-a-vivirla-en-familia","status":"publish","type":"post","link":"https:\/\/lagumex.mx\/index\/durango\/ya-esta-cerca-la-marea-rosa-5k-invitan-marisol-y-esteban-a-vivirla-en-familia\/","title":{"rendered":"Ya est\u00e1 cerca la Marea Rosa 5k; invitan Marisol y Esteban a vivirla en familia"},"content":{"rendered":"\n<h2 class=\"wp-block-heading\">Con lo recaudado en esta carrera atl\u00e9tica de convivencia se adquirir\u00e1 una unidad especializada para la detecci\u00f3n de esta enfermedad y ser\u00e1 incorporada a la Ruta de la Salud.<\/h2>\n\n\n\n<p>25 de octubre de 2023.Ya est\u00e1 cerca la Marea Rosa 2023 y nadie se puede quedar sin vivir esta experiencia, expres\u00f3 la presidenta de DIF Estatal, Marisol Rosso Rivera, al invitar a todos los duranguenses a participar en esta carrera de convivencia y color que se llevar\u00e1 a cabo los pr\u00f3ximos 28 y 29 de octubre en Durango y La Laguna para conmemorar el esfuerzo de las mujeres que luchan contra el c\u00e1ncer de mama.<\/p>\n\n\n\n<p>Durante varios a\u00f1os, la Marea Rosa ha unido a cientos de corazones por una causa humanitaria y en esta ocasi\u00f3n, tiene como finalidad sumar a la Ruta de la Salud, una unidad m\u00f3vil especializada en&nbsp; la prevenci\u00f3n del c\u00e1ncer de mama, la cual llegar\u00e1 a las comunidades m\u00e1s alejadas y de dif\u00edcil acceso, asegur\u00f3 Marisol.<\/p>\n\n\n\n<p>El Gobierno de Esteban Villegas, a trav\u00e9s del DIF Estatal, invita a esta actividad f\u00edsica diferente y divertida que busca entrelazar voluntades para salvar vidas, adem\u00e1s de garantizar una ma\u00f1ana llena de emoci\u00f3n y mucho color.<\/p>\n\n\n\n<p>La Presidenta detall\u00f3 que el pr\u00f3ximo s\u00e1bado 28 de octubre, se realizar\u00e1 la segunda edici\u00f3n de esta carrera&nbsp; en la regi\u00f3n Laguna, la cual tendr\u00e1 como salida y meta en el Parque Morelos, mientras que, el domingo 29 de octubre en Durango capital, la ruta iniciar\u00e1 y terminar\u00e1 en el Baluartito del Parque Guadiana en punto de las 8 am en ambos lugares.<\/p>\n\n\n\n<p>La aportaci\u00f3n del kit es de 200 pesos e incluye la playera conmemorativa de Marea Rosa 2023 y un buff; hay puntos de venta en diferentes lugares de la ciudad como el DIF Municipal, Instituto Estatal del Deporte, Instituto Municipal del Deporte; Gafas Paseo Durango y 20 de Noviembre, as\u00ed como Monchys sucursal Libertad y Cordillera Trek. En La Laguna est\u00e1n a la venta en Museo Acertijo, DIF Municipal Lerdo y DIF Municipal G\u00f3mez Palacio.<\/p>\n\n\n\n<p>La entrega de kits se realizar\u00e1 los dos d\u00edas previos a cada carrera; en Durango capital, se recoger\u00e1n en el Museo Bebeleche, y en La Laguna, en Museo Acertijo.<\/p>\n\n\n\n<p>Esta divertida carrera familiar invita a hacer conciencia sobre la importancia de la detecci\u00f3n oportuna del c\u00e1ncer de mama, para juntos hacerle frente a esta enfermedad y a su vez, aportar un granito de arena para contar con aparatos y tecnolog\u00eda de punta para una atenci\u00f3n de calidad.<\/p>\n","protected":false},"excerpt":{"rendered":"<p>Con lo recaudado en esta carrera atl\u00e9tica de convivencia se adquirir\u00e1 una unidad especializada para la detecci\u00f3n de esta enfermedad y ser\u00e1 incorporada a la Ruta de la Salud. 25 de octubre de 2023.Ya est\u00e1 cerca la Marea Rosa 2023 y nadie se puede quedar sin vivir esta experiencia, expres\u00f3 la presidenta de DIF Estatal,&#8230;<\/p>\n","protected":false},"author":1,"featured_media":1325,"comment_status":"open","ping_status":"open","sticky":false,"template":"","format":"standard","meta":{"footnotes":""},"categories":[1],"tags":[],"class_list":["post-1324","post","type-post","status-publish","format-standard","has-post-thumbnail","hentry","category-durango"],"_links":{"self":[{"href":"https:\/\/lagumex.mx\/index\/wp-json\/wp\/v2\/posts\/1324","targetHints":{"allow":["GET"]}}],"collection":[{"href":"https:\/\/lagumex.mx\/index\/wp-json\/wp\/v2\/posts"}],"about":[{"href":"https:\/\/lagumex.mx\/index\/wp-json\/wp\/v2\/types\/post"}],"author":[{"embeddable":true,"href":"https:\/\/lagumex.mx\/index\/wp-json\/wp\/v2\/users\/1"}],"replies":[{"embeddable":true,"href":"https:\/\/lagumex.mx\/index\/wp-json\/wp\/v2\/comments?post=1324"}],"version-history":[{"count":1,"href":"https:\/\/lagumex.mx\/index\/wp-json\/wp\/v2\/posts\/1324\/revisions"}],"predecessor-version":[{"id":1326,"href":"https:\/\/lagumex.mx\/index\/wp-json\/wp\/v2\/posts\/1324\/revisions\/1326"}],"wp:featuredmedia":[{"embeddable":true,"href":"https:\/\/lagumex.mx\/index\/wp-json\/wp\/v2\/media\/1325"}],"wp:attachment":[{"href":"https:\/\/lagumex.mx\/index\/wp-json\/wp\/v2\/media?parent=1324"}],"wp:term":[{"taxonomy":"category","embeddable":true,"href":"https:\/\/lagumex.mx\/index\/wp-json\/wp\/v2\/categories?post=1324"},{"taxonomy":"post_tag","embeddable":true,"href":"https:\/\/lagumex.mx\/index\/wp-json\/wp\/v2\/tags?post=1324"}],"curies":[{"name":"wp","href":"https:\/\/api.w.org\/{rel}","templated":true}]}}