{"id":1321,"date":"2023-10-24T05:41:00","date_gmt":"2023-10-24T05:41:00","guid":{"rendered":"http:\/\/lagumex.mx\/index\/?p=1321"},"modified":"2023-10-30T17:42:32","modified_gmt":"2023-10-30T17:42:32","slug":"voy-a-dejar-el-alma-en-esta-encomienda-celebra-esteban-a-medicos-y-reitera-que-va-por-mas-infraestructura-hospitalaria","status":"publish","type":"post","link":"https:\/\/lagumex.mx\/index\/durango\/voy-a-dejar-el-alma-en-esta-encomienda-celebra-esteban-a-medicos-y-reitera-que-va-por-mas-infraestructura-hospitalaria\/","title":{"rendered":"Voy a dejar el alma en esta encomienda; celebra Esteban a m\u00e9dicos y reitera que va por m\u00e1s infraestructura hospitalaria"},"content":{"rendered":"\n<h2 class=\"wp-block-heading\">Adelanta que llegar\u00e1 nuevo equipo para quir\u00f3fano que se unir\u00e1 a la Ruta de la Salud para atender personas de lugares m\u00e1s alejados.<\/h2>\n\n\n\n<p>24 de octubre de 2023. Voy a dejar el alma en esto que ustedes me encomendaron, estamos trabajando para que tengan mejores oportunidades;\u00a0 empezamos por la casa, equipamos hospitales, mejoramos infraestructura y vamos por mejores salarios, afirm\u00f3 el gobernador Esteban Villegas Villarreal, al celebrar el D\u00eda del M\u00e9dico con el gremio duranguense.<\/p>\n\n\n\n<p>El Ejecutivo Estatal,&nbsp; igualmente comparti\u00f3 los resultados favorables que se han reflejado con la Ruta de la Salud, que llega a las diferentes regiones y que a la fecha, se han atendido a 11 mil personas, a lo que reconoci\u00f3 la dedicaci\u00f3n de todo el personal de salud que atiende en este hospital itinerante; \u201cfelicidades a todos los que se han fletado, m\u00e9dicas, m\u00e9dicos, qu\u00edmicos, yendo a los lugares m\u00e1s lejanos generando confianza\u201d.<\/p>\n\n\n\n<p>En este mismo evento, el Mandatario anunci\u00f3 que ya est\u00e1 por llegar el equipamiento para un quir\u00f3fano ambulante que se unir\u00e1 a esta tropa de veh\u00edculos m\u00e9dicos para dar un mayor alcance en consultas y cirug\u00edas, como la ambulancia a\u00e9rea para que los que tengan alguna emergencia, puedan ser atendidos lo m\u00e1s pronto posible.&nbsp;<\/p>\n\n\n\n<p>En convivencia con los galenos, Esteban Villegas, record\u00f3 que de igual forma, \u00e9l comparti\u00f3 dicha profesi\u00f3n, clases y maestros, por ello, ahora, decidi\u00f3 afrontar el reto del tema de salud en su gobierno, por el estado cr\u00edtico en el que se encontraba la administraci\u00f3n y que hoy con mucho esfuerzo, se han mejorado condiciones, lo que permitir\u00e1 m\u00e1s oportunidades de brindar atenci\u00f3n con hospitales al cien por ciento.<\/p>\n\n\n\n<p>Platic\u00f3 sobre las mejoras en el Hospital de Salud Mental que estaba en condiciones deplorables y que con una inversi\u00f3n de 20 millones de pesos, se mejora lo m\u00e1s urgente para que los pacientes tengan un espacio digno, asinti\u00f3.<\/p>\n\n\n\n<p>&nbsp;Finalmente, les explic\u00f3 que el tema de inversi\u00f3n ya no se va a detener en Durango, por lo que es un trabajo en equipo, que requerir\u00e1 de la ayuda de todos, a favor un desarrollo integral, con m\u00e1s m\u00e9dicos, especialistas y enfermeras, \u201cviene una revoluci\u00f3n, vienen cosas buenas y hay que prepararnos todos para que le vaya mejor nuestros hijos y por eso, la importancia de empezar por la casa\u201d.<\/p>\n\n\n\n<p>En esta celebraci\u00f3n, la secretaria de Salud, Irasema Kondo Padilla, les reconoci\u00f3 la reacci\u00f3n y pronta atenci\u00f3n, de hacer el bien por la vida y bienestar de cualquier persona, sobre todo en los grandes retos que se han enfrentado, por ello, destac\u00f3 la importancia y el papel que desempe\u00f1a el gremio m\u00e9dico en la entidad, siempre a favor de los duranguenses.<\/p>\n\n\n\n<p>Tambi\u00e9n estuvieron la Senadora de la Rep\u00fablica, Margarita Valdez Mart\u00ednez,&nbsp; la Magistrada Presidenta del Poder Judicial del estado de Durango, Yolanda de la Torre Valdez y Ver\u00f3nica P\u00e9rez Herrera, presidenta de la Comisi\u00f3n de Salud del&nbsp; Congreso Local, as\u00ed como autoridades de los tres niveles de Gobierno.<\/p>\n","protected":false},"excerpt":{"rendered":"<p>Adelanta que llegar\u00e1 nuevo equipo para quir\u00f3fano que se unir\u00e1 a la Ruta de la Salud para atender personas de lugares m\u00e1s alejados. 24 de octubre de 2023. Voy a dejar el alma en esto que ustedes me encomendaron, estamos trabajando para que tengan mejores oportunidades;\u00a0 empezamos por la casa, equipamos hospitales, mejoramos infraestructura y&#8230;<\/p>\n","protected":false},"author":1,"featured_media":1322,"comment_status":"open","ping_status":"open","sticky":false,"template":"","format":"standard","meta":{"footnotes":""},"categories":[1],"tags":[],"class_list":["post-1321","post","type-post","status-publish","format-standard","has-post-thumbnail","hentry","category-durango"],"_links":{"self":[{"href":"https:\/\/lagumex.mx\/index\/wp-json\/wp\/v2\/posts\/1321","targetHints":{"allow":["GET"]}}],"collection":[{"href":"https:\/\/lagumex.mx\/index\/wp-json\/wp\/v2\/posts"}],"about":[{"href":"https:\/\/lagumex.mx\/index\/wp-json\/wp\/v2\/types\/post"}],"author":[{"embeddable":true,"href":"https:\/\/lagumex.mx\/index\/wp-json\/wp\/v2\/users\/1"}],"replies":[{"embeddable":true,"href":"https:\/\/lagumex.mx\/index\/wp-json\/wp\/v2\/comments?post=1321"}],"version-history":[{"count":1,"href":"https:\/\/lagumex.mx\/index\/wp-json\/wp\/v2\/posts\/1321\/revisions"}],"predecessor-version":[{"id":1323,"href":"https:\/\/lagumex.mx\/index\/wp-json\/wp\/v2\/posts\/1321\/revisions\/1323"}],"wp:featuredmedia":[{"embeddable":true,"href":"https:\/\/lagumex.mx\/index\/wp-json\/wp\/v2\/media\/1322"}],"wp:attachment":[{"href":"https:\/\/lagumex.mx\/index\/wp-json\/wp\/v2\/media?parent=1321"}],"wp:term":[{"taxonomy":"category","embeddable":true,"href":"https:\/\/lagumex.mx\/index\/wp-json\/wp\/v2\/categories?post=1321"},{"taxonomy":"post_tag","embeddable":true,"href":"https:\/\/lagumex.mx\/index\/wp-json\/wp\/v2\/tags?post=1321"}],"curies":[{"name":"wp","href":"https:\/\/api.w.org\/{rel}","templated":true}]}}