{"id":1316,"date":"2023-10-22T05:38:00","date_gmt":"2023-10-22T05:38:00","guid":{"rendered":"http:\/\/lagumex.mx\/index\/?p=1316"},"modified":"2023-10-30T17:38:54","modified_gmt":"2023-10-30T17:38:54","slug":"corredor-constitucion-lucira-como-nuevo-reconstruye-esteban-toda-su-infraestructura","status":"publish","type":"post","link":"https:\/\/lagumex.mx\/index\/durango\/corredor-constitucion-lucira-como-nuevo-reconstruye-esteban-toda-su-infraestructura\/","title":{"rendered":"Corredor Constituci\u00f3n lucir\u00e1 como nuevo; reconstruye Esteban toda su infraestructura"},"content":{"rendered":"\n<h2 class=\"wp-block-heading\">Se recuperan tambi\u00e9n las bocinas del sistema del sonido en la fuente bailarina luego de ser vandalizadas por a\u00f1os.<\/h2>\n\n\n\n<p>22 de octubre de 2023. El Corredor Constituci\u00f3n, volver\u00e1 a ser el espacio para que las familias duranguenses y visitantes caminen con seguridad\u00a0 y pasen un rato agradable en la ciudad, destac\u00f3 el gobernador Esteban Villegas Villarreal al supervisar los avances de reconstrucci\u00f3n en este lugar que por a\u00f1os sufri\u00f3 de abandono y vandalismo.<\/p>\n\n\n\n<p>Iniciamos los trabajos de reconstrucci\u00f3n con los cruces peatonales y viales, la instalaci\u00f3n de cestos de basura, bancas, maceteros y mobiliario urbano que hab\u00edan sido vandalizados, detall\u00f3 la titular de la Secretar\u00eda de Comunicaciones y Obras P\u00fablicas (SECOPE), Ana Rosa Hern\u00e1ndez Renter\u00eda al agregar que tambi\u00e9n se repara el alumbrado p\u00fablico de la zona.<\/p>\n\n\n\n<p>Del tramo de la calle Gabino Barreda hasta Dolores del R\u00edo, se rehabilitar\u00e1 el alumbrado, el suministro e instalaci\u00f3n de controles y cableado faltante, adem\u00e1s de&nbsp; la reposici\u00f3n de l\u00e1mparas. A la par, se repondr\u00e1n las bocinas del sistema del sonido de la Fuente Danzarina, que da vida a este espacio y por varios a\u00f1os qued\u00f3 en el olvido, apunt\u00f3 la Secretaria.<\/p>\n\n\n\n<p>En los cruces de las cruces de las calles de Negrete, Aquiles Serd\u00e1n y Coronado, se llevan a cabo trabajos de mejoramiento con una inversi\u00f3n de 3.1 millones de pesos, adem\u00e1s de la recuperaci\u00f3n integral de los jardines, y las luminarias que est\u00e1n en el Corredor de Las Alamedas.<\/p>\n\n\n\n<p>Inform\u00f3 que, la rehabilitaci\u00f3n del Corredor Constituci\u00f3n consta de dos etapas: la primera inici\u00f3 el pasado 02 de octubre hasta el 12 de este mismo mes, haciendo una pausa para las actividades del Festival Revueltas y se retomar\u00e1n los trabajos del 07 al 17 de noviembre, para que la ciudadan\u00eda tome rutas aleda\u00f1as para evitar contratiempos en sus labores diarias.<\/p>\n","protected":false},"excerpt":{"rendered":"<p>Se recuperan tambi\u00e9n las bocinas del sistema del sonido en la fuente bailarina luego de ser vandalizadas por a\u00f1os. 22 de octubre de 2023. El Corredor Constituci\u00f3n, volver\u00e1 a ser el espacio para que las familias duranguenses y visitantes caminen con seguridad\u00a0 y pasen un rato agradable en la ciudad, destac\u00f3 el gobernador Esteban Villegas&#8230;<\/p>\n","protected":false},"author":1,"featured_media":0,"comment_status":"open","ping_status":"open","sticky":false,"template":"","format":"standard","meta":{"footnotes":""},"categories":[1],"tags":[],"class_list":["post-1316","post","type-post","status-publish","format-standard","hentry","category-durango"],"_links":{"self":[{"href":"https:\/\/lagumex.mx\/index\/wp-json\/wp\/v2\/posts\/1316","targetHints":{"allow":["GET"]}}],"collection":[{"href":"https:\/\/lagumex.mx\/index\/wp-json\/wp\/v2\/posts"}],"about":[{"href":"https:\/\/lagumex.mx\/index\/wp-json\/wp\/v2\/types\/post"}],"author":[{"embeddable":true,"href":"https:\/\/lagumex.mx\/index\/wp-json\/wp\/v2\/users\/1"}],"replies":[{"embeddable":true,"href":"https:\/\/lagumex.mx\/index\/wp-json\/wp\/v2\/comments?post=1316"}],"version-history":[{"count":1,"href":"https:\/\/lagumex.mx\/index\/wp-json\/wp\/v2\/posts\/1316\/revisions"}],"predecessor-version":[{"id":1317,"href":"https:\/\/lagumex.mx\/index\/wp-json\/wp\/v2\/posts\/1316\/revisions\/1317"}],"wp:attachment":[{"href":"https:\/\/lagumex.mx\/index\/wp-json\/wp\/v2\/media?parent=1316"}],"wp:term":[{"taxonomy":"category","embeddable":true,"href":"https:\/\/lagumex.mx\/index\/wp-json\/wp\/v2\/categories?post=1316"},{"taxonomy":"post_tag","embeddable":true,"href":"https:\/\/lagumex.mx\/index\/wp-json\/wp\/v2\/tags?post=1316"}],"curies":[{"name":"wp","href":"https:\/\/api.w.org\/{rel}","templated":true}]}}