{"id":1307,"date":"2023-10-19T05:32:00","date_gmt":"2023-10-19T05:32:00","guid":{"rendered":"http:\/\/lagumex.mx\/index\/?p=1307"},"modified":"2023-10-30T17:33:16","modified_gmt":"2023-10-30T17:33:16","slug":"llama-esteban-a-comunicadores-a-transmitir-la-vision-de-un-gobierno-que-suena-cumple-y-reconstruye","status":"publish","type":"post","link":"https:\/\/lagumex.mx\/index\/durango\/llama-esteban-a-comunicadores-a-transmitir-la-vision-de-un-gobierno-que-suena-cumple-y-reconstruye\/","title":{"rendered":"Llama Esteban a comunicadores a transmitir la visi\u00f3n de un Gobierno que sue\u00f1a, cumple y reconstruye"},"content":{"rendered":"\n<h2 class=\"wp-block-heading\">\u201cSomos un equipo comprometido que con el liderazgo de Esteban Villegas, vamos a reconstruir la esperanza de la gente con resultados\u201d: V\u00edctor Hugo Hern\u00e1ndez.<\/h2>\n\n\n\n<p>19 de octubre de 2023.Con una comunicaci\u00f3n e imagen diferente y clara, reconstruimos Durango, asegur\u00f3 el gobernador Esteban Villegas Villarreal al reunirse con los equipos de Comunicaci\u00f3n Social e Imagen Institucional quienes se encargan que las historias de vida y acciones que impulsa el Gobierno del Estado, lleguen a todos los rincones, pero tambi\u00e9n a atender de manera oportuna y a la brevedad, las demandas que la gente solicita en medios de comunicaci\u00f3n y redes sociales.<\/p>\n\n\n\n<p>Y es que los voceros y trabajadores de las \u00e1reas de prensa de su gobierno, fungen como enlace ante la sociedad, por ello el Mandatario Estatal respald\u00f3 la actividad que realizan reporteros, voceros, fot\u00f3grafos, editores, camar\u00f3grafos, estrategas digitales y dise\u00f1adores, para que los logros y beneficios lleguen a todos los duranguenses.<\/p>\n\n\n\n<p>All\u00ed el Director de Comunicaci\u00f3n Social del Gobierno del Estado, V\u00edctor Hugo Hern\u00e1ndez Fuentes, agradeci\u00f3 al Gobernador por el acercamiento con los equipos que se encargan de comunicar en las diferentes dependencias; somos decenas de personas dedicadas a la comunicaci\u00f3n, y mucha gente que d\u00eda a d\u00eda est\u00e1 detr\u00e1s de una c\u00e1mara o un escritorio, y que a la vuelta de un a\u00f1o, hemos hecho grandes cosas con el liderazgo&nbsp; de Esteban Villegas.<\/p>\n\n\n\n<p>\u201cAqu\u00ed en este peque\u00f1o ej\u00e9rcito, tiene a un equipo comprometido, que continuar\u00e1 el trabajo de la reconstrucci\u00f3n de un Durango con obras y acciones, pero tambi\u00e9n la reconstrucci\u00f3n de la esperanza de la gente con sentimiento y resultados\u201d, a\u00f1adi\u00f3.<\/p>\n\n\n\n<p>Por su parte, Brenda Fiscal Simental, directora de Imagen Institucional, expres\u00f3 que los all\u00ed reunidos,&nbsp; tienen la gran responsabilidad de comunicar y transmitir la visi\u00f3n de un Gobierno Estatal que sue\u00f1a, cumple y reconstruye; estamos agradecidos de formar parte&nbsp; de esta generaci\u00f3n&nbsp; que est\u00e1 haciendo cosas diferentes con m\u00e1s claridad para el futuro y enfocadas en cambiar la historia de las personas, de las familias y de lo que m\u00e1s queremos.<\/p>\n\n\n\n<p>Por \u00faltimo, el titular del Poder Ejecutivo, Esteban Villegas reconoci\u00f3 que esta es la generaci\u00f3n de reporteras, voceros, fot\u00f3grafos, editores, camar\u00f3grafos, estrategas digitales y dise\u00f1adores que llegan a todos con las historias de vida y beneficios que les otorga esta Administraci\u00f3n Estatal, mismos a quienes demand\u00f3 mantener el compromiso de continuar un trabajo enfocado y concentrado en la reconstrucci\u00f3n de Durango.<\/p>\n","protected":false},"excerpt":{"rendered":"<p>\u201cSomos un equipo comprometido que con el liderazgo de Esteban Villegas, vamos a reconstruir la esperanza de la gente con resultados\u201d: V\u00edctor Hugo Hern\u00e1ndez. 19 de octubre de 2023.Con una comunicaci\u00f3n e imagen diferente y clara, reconstruimos Durango, asegur\u00f3 el gobernador Esteban Villegas Villarreal al reunirse con los equipos de Comunicaci\u00f3n Social e Imagen Institucional&#8230;<\/p>\n","protected":false},"author":1,"featured_media":1308,"comment_status":"open","ping_status":"open","sticky":false,"template":"","format":"standard","meta":{"footnotes":""},"categories":[1],"tags":[],"class_list":["post-1307","post","type-post","status-publish","format-standard","has-post-thumbnail","hentry","category-durango"],"_links":{"self":[{"href":"https:\/\/lagumex.mx\/index\/wp-json\/wp\/v2\/posts\/1307","targetHints":{"allow":["GET"]}}],"collection":[{"href":"https:\/\/lagumex.mx\/index\/wp-json\/wp\/v2\/posts"}],"about":[{"href":"https:\/\/lagumex.mx\/index\/wp-json\/wp\/v2\/types\/post"}],"author":[{"embeddable":true,"href":"https:\/\/lagumex.mx\/index\/wp-json\/wp\/v2\/users\/1"}],"replies":[{"embeddable":true,"href":"https:\/\/lagumex.mx\/index\/wp-json\/wp\/v2\/comments?post=1307"}],"version-history":[{"count":1,"href":"https:\/\/lagumex.mx\/index\/wp-json\/wp\/v2\/posts\/1307\/revisions"}],"predecessor-version":[{"id":1309,"href":"https:\/\/lagumex.mx\/index\/wp-json\/wp\/v2\/posts\/1307\/revisions\/1309"}],"wp:featuredmedia":[{"embeddable":true,"href":"https:\/\/lagumex.mx\/index\/wp-json\/wp\/v2\/media\/1308"}],"wp:attachment":[{"href":"https:\/\/lagumex.mx\/index\/wp-json\/wp\/v2\/media?parent=1307"}],"wp:term":[{"taxonomy":"category","embeddable":true,"href":"https:\/\/lagumex.mx\/index\/wp-json\/wp\/v2\/categories?post=1307"},{"taxonomy":"post_tag","embeddable":true,"href":"https:\/\/lagumex.mx\/index\/wp-json\/wp\/v2\/tags?post=1307"}],"curies":[{"name":"wp","href":"https:\/\/api.w.org\/{rel}","templated":true}]}}