{"id":1297,"date":"2023-10-15T05:23:00","date_gmt":"2023-10-15T05:23:00","guid":{"rendered":"http:\/\/lagumex.mx\/index\/?p=1297"},"modified":"2023-10-30T17:24:37","modified_gmt":"2023-10-30T17:24:37","slug":"juntos-esteban-y-lety-reconstruyen-bulevares-y-calles-en-gomez-palacio","status":"publish","type":"post","link":"https:\/\/lagumex.mx\/index\/durango\/juntos-esteban-y-lety-reconstruyen-bulevares-y-calles-en-gomez-palacio\/","title":{"rendered":"Juntos Esteban y Lety reconstruyen bulevares y calles en G\u00f3mez Palacio"},"content":{"rendered":"\n<h2 class=\"wp-block-heading\">&nbsp;Por a\u00f1os, sus calles estuvieron en el olvido; ahora les regresan su brillo.<\/h2>\n\n\n\n<p>15 de octubre de 2023. \u201cJuntos estamos reconstruyendo G\u00f3mez Palacio, y con Lety, le est\u00e1 regresando el brillo a este municipio\u201d, expres\u00f3 el gobernador Esteban Villegas Villarreal al supervisar, los avances la pavimentaci\u00f3n de bulevares como el Carlos Herrera Araluce y San Carlos.<\/p>\n\n\n\n<p>El titular del Poder Ejecutivo, record\u00f3&nbsp; que primero hab\u00eda que estabilizar a Durango, despu\u00e9s reconstruirlo y luego iniciar los nuevos proyectos para todo el estado; ya empezaron los trabajos de reconstrucci\u00f3n de la ciudad completa y la idea es poder hermosear G\u00f3mez Palacio, no solamente en pavimento, sino tambi\u00e9n con arbolado, mencion\u00f3.<\/p>\n\n\n\n<p>Estas acciones de mejoramiento brindar\u00e1n a los gomezpalatinos, calles, avenidas y bulevares en condiciones dignas, ya que durante a\u00f1os estuvieron en el olvido y sin recibir atenci\u00f3n, por eso \u201ccon el apoyo del Gobernador vienen mejores cosas\u201d, destac\u00f3 la alcaldesa Lety Herrera Ale.<\/p>\n\n\n\n<p>Los trabajos&nbsp; que se realizan dichas arterias viales que mejorar\u00e1n la fisonom\u00eda de la ciudad lagunera, consisten en la construcci\u00f3n de banquetas perimetrales, guarnici\u00f3n y concreto estampado en el camell\u00f3n central, donde adem\u00e1s, se colocar\u00e1n palmas, a fin de regresarle el brillo a G\u00f3mez Palacio.<\/p>\n","protected":false},"excerpt":{"rendered":"<p>&nbsp;Por a\u00f1os, sus calles estuvieron en el olvido; ahora les regresan su brillo. 15 de octubre de 2023. \u201cJuntos estamos reconstruyendo G\u00f3mez Palacio, y con Lety, le est\u00e1 regresando el brillo a este municipio\u201d, expres\u00f3 el gobernador Esteban Villegas Villarreal al supervisar, los avances la pavimentaci\u00f3n de bulevares como el Carlos Herrera Araluce y San&#8230;<\/p>\n","protected":false},"author":1,"featured_media":1298,"comment_status":"open","ping_status":"open","sticky":false,"template":"","format":"standard","meta":{"footnotes":""},"categories":[1,12],"tags":[],"class_list":["post-1297","post","type-post","status-publish","format-standard","has-post-thumbnail","hentry","category-durango","category-gomez-palacio"],"_links":{"self":[{"href":"https:\/\/lagumex.mx\/index\/wp-json\/wp\/v2\/posts\/1297","targetHints":{"allow":["GET"]}}],"collection":[{"href":"https:\/\/lagumex.mx\/index\/wp-json\/wp\/v2\/posts"}],"about":[{"href":"https:\/\/lagumex.mx\/index\/wp-json\/wp\/v2\/types\/post"}],"author":[{"embeddable":true,"href":"https:\/\/lagumex.mx\/index\/wp-json\/wp\/v2\/users\/1"}],"replies":[{"embeddable":true,"href":"https:\/\/lagumex.mx\/index\/wp-json\/wp\/v2\/comments?post=1297"}],"version-history":[{"count":1,"href":"https:\/\/lagumex.mx\/index\/wp-json\/wp\/v2\/posts\/1297\/revisions"}],"predecessor-version":[{"id":1299,"href":"https:\/\/lagumex.mx\/index\/wp-json\/wp\/v2\/posts\/1297\/revisions\/1299"}],"wp:featuredmedia":[{"embeddable":true,"href":"https:\/\/lagumex.mx\/index\/wp-json\/wp\/v2\/media\/1298"}],"wp:attachment":[{"href":"https:\/\/lagumex.mx\/index\/wp-json\/wp\/v2\/media?parent=1297"}],"wp:term":[{"taxonomy":"category","embeddable":true,"href":"https:\/\/lagumex.mx\/index\/wp-json\/wp\/v2\/categories?post=1297"},{"taxonomy":"post_tag","embeddable":true,"href":"https:\/\/lagumex.mx\/index\/wp-json\/wp\/v2\/tags?post=1297"}],"curies":[{"name":"wp","href":"https:\/\/api.w.org\/{rel}","templated":true}]}}