{"id":1291,"date":"2023-10-13T05:20:00","date_gmt":"2023-10-13T05:20:00","guid":{"rendered":"http:\/\/lagumex.mx\/index\/?p=1291"},"modified":"2023-10-30T17:21:20","modified_gmt":"2023-10-30T17:21:20","slug":"con-el-apoyo-de-marisol-y-esteban-sobrevivientes-de-cancer-contaran-con-reconstruccion-mamaria-totalmente-gratis","status":"publish","type":"post","link":"https:\/\/lagumex.mx\/index\/durango\/con-el-apoyo-de-marisol-y-esteban-sobrevivientes-de-cancer-contaran-con-reconstruccion-mamaria-totalmente-gratis\/","title":{"rendered":"Con el apoyo de Marisol y Esteban, sobrevivientes de c\u00e1ncer contar\u00e1n con reconstrucci\u00f3n mamaria totalmente gratis"},"content":{"rendered":"\n<h2 class=\"wp-block-heading\">Actividades como la \u201cMarea Rosa\u201d, permitir\u00e1n adquirir un cami\u00f3n equipado para atender a mujeres y realizar ex\u00e1menes para prevenir c\u00e1ncer hasta en las comunidades m\u00e1s alejadas.<\/h2>\n\n\n\n<p>13 de octubre de 2023. \u201cLa palabra c\u00e1ncer es tan dif\u00edcil de comprender, pero est\u00e1 en nuestras manos crear una conciencia distinta\u201d, expres\u00f3 la presidenta del DIF Estatal, Marisol Rosso Rivera, al signar un convenio de colaboraci\u00f3n para realizar cirug\u00edas reconstructivas a trav\u00e9s de Fundaci\u00f3n RENACE, Colegio de Cirujanos Pl\u00e1sticos de Durango, Secretar\u00eda de Salud y Patrimonio de la Beneficencia P\u00fablica.<\/p>\n\n\n\n<p>&nbsp;Al compartir charlas amenas con el personal de las diferentes dependencias del Gobierno Estatal, como parte de la din\u00e1mica de \u201cCaf\u00e9 Rosa\u201d, la presidenta de DIF Estatal hizo hincapi\u00e9 en la importancia de difundir el mensaje de prevenci\u00f3n y cuidado del c\u00e1ncer de mama.<\/p>\n\n\n\n<p>Inform\u00f3 que gracias a la gesti\u00f3n del gobernador Esteban Villegas, por parte de la Secretar\u00eda de Salud, se apoyar\u00e1 a todas las sobrevivientes con la colocaci\u00f3n de pr\u00f3tesis mamaria y de dispositivos m\u00e9dicos para mejorar la forma del seno; por parte de la fundaci\u00f3n Renace y el Colegio de Cirujanos pl\u00e1sticos, se realizar\u00e1n reconstrucciones completamente gratis para ellas, cuando este tipo de intervenciones ronda entre los 180 mil pesos.<\/p>\n\n\n\n<p>\u201cPorque las mujeres somos el pilar fundamental de las familias, es importante este tipo de din\u00e1micas, donde la idea es romper los miedos y paradigmas que envuelven el tema del c\u00e1ncer de mama\u201d, expres\u00f3 la presidenta del DIF Estatal, al apuntar que la meta es recorrer los 39 municipios este mes para llevar el mensaje de informaci\u00f3n, prevenci\u00f3n y salvar vidas; a lo que se\u00f1al\u00f3, ya casi se cumple la meta.&nbsp;<\/p>\n\n\n\n<p>En dichas reuniones, donde tambi\u00e9n comparti\u00f3 experiencias con el personal del Instituto Estatal de las Mujeres y de la Secretar\u00eda de Educaci\u00f3n, Rosso Rivera, dio a conocer que lo que se recaude de algunas de las actividades del mes, como la carrera Marea Rosa 2023, se podr\u00e1 adquirir una unidad m\u00e9dica m\u00f3vil rosa a la Ruta de la Salud que estar\u00e1 equipada con m\u00e9dicos especialistas y un ultrasonido que permitir\u00e1n diagnosticar a tiempo cualquier c\u00e1ncer de mama hasta en las comunidades m\u00e1s alejadas.<\/p>\n\n\n\n<p>La titular del IEM, Elizabeth Terrones Ochoa, reconoci\u00f3 la labor y gran calidad humana de Marisol y le agradeci\u00f3 por llevar esperanza a trav\u00e9s de esta campa\u00f1a, por eso se comprometi\u00f3 a brindar las facilidades para que desde la dependencia que encabeza, todas las mujeres acudan a realizarse su chequeo de prevenci\u00f3n.&nbsp;<\/p>\n\n\n\n<p>De igual manera, el secretario de Educaci\u00f3n, Guillermo Adame Calder\u00f3n, reconoci\u00f3 el trabajo que, con unidad y coraz\u00f3n, emprende Esteban Villegas en compa\u00f1\u00eda de su esposa, \u201ccomo un hombre y una mujer que visionan desde el cuidado de la salud, buscando la prevenci\u00f3n o detecci\u00f3n temprana de esta enfermedad, trabajando en conjunto con las dependencias estatales y municipales para llegar a m\u00e1s puntos de la ciudad y salvaguardar la salud de las mujeres duranguenses.<\/p>\n","protected":false},"excerpt":{"rendered":"<p>Actividades como la \u201cMarea Rosa\u201d, permitir\u00e1n adquirir un cami\u00f3n equipado para atender a mujeres y realizar ex\u00e1menes para prevenir c\u00e1ncer hasta en las comunidades m\u00e1s alejadas. 13 de octubre de 2023. \u201cLa palabra c\u00e1ncer es tan dif\u00edcil de comprender, pero est\u00e1 en nuestras manos crear una conciencia distinta\u201d, expres\u00f3 la presidenta del DIF Estatal, Marisol&#8230;<\/p>\n","protected":false},"author":1,"featured_media":1292,"comment_status":"open","ping_status":"open","sticky":false,"template":"","format":"standard","meta":{"footnotes":""},"categories":[1],"tags":[],"class_list":["post-1291","post","type-post","status-publish","format-standard","has-post-thumbnail","hentry","category-durango"],"_links":{"self":[{"href":"https:\/\/lagumex.mx\/index\/wp-json\/wp\/v2\/posts\/1291","targetHints":{"allow":["GET"]}}],"collection":[{"href":"https:\/\/lagumex.mx\/index\/wp-json\/wp\/v2\/posts"}],"about":[{"href":"https:\/\/lagumex.mx\/index\/wp-json\/wp\/v2\/types\/post"}],"author":[{"embeddable":true,"href":"https:\/\/lagumex.mx\/index\/wp-json\/wp\/v2\/users\/1"}],"replies":[{"embeddable":true,"href":"https:\/\/lagumex.mx\/index\/wp-json\/wp\/v2\/comments?post=1291"}],"version-history":[{"count":1,"href":"https:\/\/lagumex.mx\/index\/wp-json\/wp\/v2\/posts\/1291\/revisions"}],"predecessor-version":[{"id":1293,"href":"https:\/\/lagumex.mx\/index\/wp-json\/wp\/v2\/posts\/1291\/revisions\/1293"}],"wp:featuredmedia":[{"embeddable":true,"href":"https:\/\/lagumex.mx\/index\/wp-json\/wp\/v2\/media\/1292"}],"wp:attachment":[{"href":"https:\/\/lagumex.mx\/index\/wp-json\/wp\/v2\/media?parent=1291"}],"wp:term":[{"taxonomy":"category","embeddable":true,"href":"https:\/\/lagumex.mx\/index\/wp-json\/wp\/v2\/categories?post=1291"},{"taxonomy":"post_tag","embeddable":true,"href":"https:\/\/lagumex.mx\/index\/wp-json\/wp\/v2\/tags?post=1291"}],"curies":[{"name":"wp","href":"https:\/\/api.w.org\/{rel}","templated":true}]}}