{"id":1289,"date":"2023-10-12T05:19:00","date_gmt":"2023-10-12T05:19:00","guid":{"rendered":"http:\/\/lagumex.mx\/index\/?p=1289"},"modified":"2023-10-30T17:19:44","modified_gmt":"2023-10-30T17:19:44","slug":"tras-varios-anos-de-olvido-reconstruye-esteban-fuentes-danzarinas-y-arbol-de-la-vida","status":"publish","type":"post","link":"https:\/\/lagumex.mx\/index\/durango\/tras-varios-anos-de-olvido-reconstruye-esteban-fuentes-danzarinas-y-arbol-de-la-vida\/","title":{"rendered":"Tras varios a\u00f1os de olvido, reconstruye Esteban Fuentes Danzarinas y \u00c1rbol de la Vida"},"content":{"rendered":"\n<h2 class=\"wp-block-heading\">&nbsp;Se realizan trabajos de luminarias, mejoras en jardiner\u00eda, bancas y equipamiento.<\/h2>\n\n\n\n<p>12 de octubre de 2023. Tras varios a\u00f1os de olvido, reconstruimos \u00edconos de la arquitectura urbana de nuestra ciudad como las Fuentes Danzarinas y el \u00c1rbol de la Vida, expres\u00f3 el gobernador Esteban Villegas Villarreal al recorrer estos espacios p\u00fablicos ubicados en el bulevar Domingo Arrieta, donde se llevan a cabo trabajos de rehabilitaci\u00f3n y rescate.<\/p>\n\n\n\n<p>Junto a la titular de la Secretar\u00eda de Comunicaciones y Obras P\u00fablicas (SECOPE), Ana Rosa Hern\u00e1ndez, el Mandatario Estatal constat\u00f3 el avance de dichas acciones, visit\u00f3 la fuente Hongo del bulevar Domingo Arrieta, donde se rehabilita su c\u00fapula y p\u00e9rgola, adem\u00e1s de trabajos de limpieza, electrificaci\u00f3n de luminarias, jardiner\u00eda, reposici\u00f3n en bancas, pintura y equipamiento.<\/p>\n\n\n\n<p>Durante su recorrido, el Mandatario aprovech\u00f3 para revisar personalmente los trabajos de reconstrucci\u00f3n que se llevan a cabo en el \u00c1rbol de la Vida, \u00edcono de arquitectura urbana de la ciudad, el cual, rescatan artistas duranguenses para que vuelva a ser visitado por todos.<\/p>\n\n\n\n<p>Para conservar estos espacios dignos y seguros, asegur\u00f3 que una vez concluidas estas acciones de mejora, se realizar\u00e1n comit\u00e9s conformados por la sociedad civil para que la gente cuide estos lugares y le puedan reclamar a pr\u00f3ximos Gobiernos en caso de haber descuido.<\/p>\n\n\n\n<p>Agreg\u00f3 que para potencializar la historia y las riquezas con las que cuenta Durango, se contempla crear una din\u00e1mica con c\u00f3digos QR, para&nbsp; que las personas puedan conocer todo esto desde sus propios celulares al momento de visitar estos lugares y que mantienen por el momento, una reconstrucci\u00f3n.<\/p>\n","protected":false},"excerpt":{"rendered":"<p>&nbsp;Se realizan trabajos de luminarias, mejoras en jardiner\u00eda, bancas y equipamiento. 12 de octubre de 2023. Tras varios a\u00f1os de olvido, reconstruimos \u00edconos de la arquitectura urbana de nuestra ciudad como las Fuentes Danzarinas y el \u00c1rbol de la Vida, expres\u00f3 el gobernador Esteban Villegas Villarreal al recorrer estos espacios p\u00fablicos ubicados en el bulevar&#8230;<\/p>\n","protected":false},"author":1,"featured_media":0,"comment_status":"open","ping_status":"open","sticky":false,"template":"","format":"standard","meta":{"footnotes":""},"categories":[1],"tags":[],"class_list":["post-1289","post","type-post","status-publish","format-standard","hentry","category-durango"],"_links":{"self":[{"href":"https:\/\/lagumex.mx\/index\/wp-json\/wp\/v2\/posts\/1289","targetHints":{"allow":["GET"]}}],"collection":[{"href":"https:\/\/lagumex.mx\/index\/wp-json\/wp\/v2\/posts"}],"about":[{"href":"https:\/\/lagumex.mx\/index\/wp-json\/wp\/v2\/types\/post"}],"author":[{"embeddable":true,"href":"https:\/\/lagumex.mx\/index\/wp-json\/wp\/v2\/users\/1"}],"replies":[{"embeddable":true,"href":"https:\/\/lagumex.mx\/index\/wp-json\/wp\/v2\/comments?post=1289"}],"version-history":[{"count":1,"href":"https:\/\/lagumex.mx\/index\/wp-json\/wp\/v2\/posts\/1289\/revisions"}],"predecessor-version":[{"id":1290,"href":"https:\/\/lagumex.mx\/index\/wp-json\/wp\/v2\/posts\/1289\/revisions\/1290"}],"wp:attachment":[{"href":"https:\/\/lagumex.mx\/index\/wp-json\/wp\/v2\/media?parent=1289"}],"wp:term":[{"taxonomy":"category","embeddable":true,"href":"https:\/\/lagumex.mx\/index\/wp-json\/wp\/v2\/categories?post=1289"},{"taxonomy":"post_tag","embeddable":true,"href":"https:\/\/lagumex.mx\/index\/wp-json\/wp\/v2\/tags?post=1289"}],"curies":[{"name":"wp","href":"https:\/\/api.w.org\/{rel}","templated":true}]}}