{"id":1278,"date":"2023-10-11T21:58:56","date_gmt":"2023-10-11T21:58:56","guid":{"rendered":"http:\/\/lagumex.mx\/index\/?p=1278"},"modified":"2023-10-17T22:00:05","modified_gmt":"2023-10-17T22:00:05","slug":"piden-diputados-recursos-suficientes-para-salud-mental-dentro-del-pef","status":"publish","type":"post","link":"https:\/\/lagumex.mx\/index\/uncategorized\/congreso-de-durango\/piden-diputados-recursos-suficientes-para-salud-mental-dentro-del-pef\/","title":{"rendered":"Piden diputados recursos suficientes para salud mental dentro del PEF"},"content":{"rendered":"\n<p>11 de octubre de 2023. <\/p>\n\n\n\n<p>Lamentable que solo existan 40 psiquiatras en Durango: Marisol Carrillo<\/p>\n\n\n\n<p>Ante los padecimientos de salud mental que han proliferado en los \u00faltimos a\u00f1os y cuyas consecuencias se reflejan en 149 suicidios registrados en Durango, as\u00ed como el insuficiente presupuesto con que se cuenta en el pa\u00eds para atender la salud mental, las y los diputados locales exhortaron al Congreso de la Uni\u00f3n para que contemple m\u00e1s recursos en el Presupuesto de Egresos de la Federaci\u00f3n para el sector salud.<\/p>\n\n\n\n<p>En el marco del D\u00eda Mundial de Salud Mental, el coordinador del Grupo Parlamentario, Alejandro Mojica Narvaez, consider\u00f3 que no se deben hacer esfuerzos aislados, por lo que hizo un llamado a todos a involucrarse de lleno en esta materia que es de gran relevancia y afirm\u00f3 que desde el Congreso del Estado har\u00e1n lo que corresponde para darle a este rubro un mayor presupuesto y se cuenten con las herramientas necesarias para atenderlo.<\/p>\n\n\n\n<p>\u201cSe requiere de la suma de esfuerzos de todos, no solo es responsabilidad gubernamental, sino es de todos, para que las ni\u00f1as, ni\u00f1os y adolescentes tengan una mejor calidad de vida, se debe trabajar en una sola l\u00ednea para no dispersar esfuerzos. No perdamos la capacidad de asombro ni la sensibilidad ante estos hechos; no nos acostumbremos a que sea una noticia cotidiana\u201d, expres\u00f3 al dar a conocer el n\u00famero de suicidios registrados en Durango<\/p>\n\n\n\n<p>De esta manera, los integrantes de la Sexag\u00e9sima Novena Legislatura, se sumaron a la pol\u00edtica social impulsada por el gobierno del Estado a trav\u00e9s del programa \u201cVive\u201d y exhortaron a los 39 municipios y al Poder Judicial para que se sumen a esta causa.<\/p>\n\n\n\n<p>Al hacer uso de la tribuna, la diputada Gaby Hern\u00e1ndez L\u00f3pez se pronunci\u00f3 por que se le ponga la misma atenci\u00f3n e importancia a la salud mental que a la f\u00edsica, ya que una de cada ocho personas viven con trastornos mentales, situaci\u00f3n que afecta a todas las clases sociales.<\/p>\n\n\n\n<p>\u201cEl suicidio es la punta de iceberg\u201d, destac\u00f3 al se\u00f1alar que existe una brecha notable entre la necesidad de tratamiento y el acceso real a servicios de salud mental, ya que se estima que aproximadamente el 75 por ciento de las personas con trastornos mentales no recibe el tratamiento que necesita y de acuerdo al Presupuesto de Egresos de la Federaci\u00f3n para el 2024, se proyecta una inversi\u00f3n para salud mental de 3 mil 724.5 millones de pesos, equivalente al 1.3 por ciento del presupuesto total para salud, lo cual no atiende las recomendaciones internacionales de una inversi\u00f3n m\u00ednima del 5 por ciento.<\/p>\n\n\n\n<p>Al sumarse al punto de acuerdo y proponer una modificaci\u00f3n, la diputada Marisol Carrillo Quiroga, consider\u00f3 alarmante que un ni\u00f1o de 11 a\u00f1os se quiten la vida, situaci\u00f3n que es una tragedia que afecta a toda la sociedad, por lo que se debe considerar a la salud mental como pilar fundamental de la salud, ya que es lamentable que solo existan 40 psiquiatras en Durango. \u201cLa inversi\u00f3n en salud mental no es un gasto\u201d, afirm\u00f3.<\/p>\n\n\n\n<p>\u201cNo debemos permitir que ni\u00f1as, ni\u00f1os, adolescentes y ciudadanos sufran en silencio, por lo que se debe contar con mayor recursos para las \u00e1reas que atienden este tema. No basta la buena voluntad, se requieren recursos en Durango, aspecto que va m\u00e1s all\u00e1 de fuerzas pol\u00edticas, sin fines pol\u00edticos y que no se tienen colores para invertir en profesionales de la salud mental y campa\u00f1as de concientizaci\u00f3n para romper con el estigma de trastornos mentales\u201d, puntualiz\u00f3 durante la sesi\u00f3n ordinaria.<\/p>\n","protected":false},"excerpt":{"rendered":"<p>11 de octubre de 2023. Lamentable que solo existan 40 psiquiatras en Durango: Marisol Carrillo Ante los padecimientos de salud mental que han proliferado en los \u00faltimos a\u00f1os y cuyas consecuencias se reflejan en 149 suicidios registrados en Durango, as\u00ed como el insuficiente presupuesto con que se cuenta en el pa\u00eds para atender la salud&#8230;<\/p>\n","protected":false},"author":1,"featured_media":1279,"comment_status":"open","ping_status":"open","sticky":false,"template":"","format":"standard","meta":{"footnotes":""},"categories":[13],"tags":[],"class_list":["post-1278","post","type-post","status-publish","format-standard","has-post-thumbnail","hentry","category-congreso-de-durango"],"_links":{"self":[{"href":"https:\/\/lagumex.mx\/index\/wp-json\/wp\/v2\/posts\/1278","targetHints":{"allow":["GET"]}}],"collection":[{"href":"https:\/\/lagumex.mx\/index\/wp-json\/wp\/v2\/posts"}],"about":[{"href":"https:\/\/lagumex.mx\/index\/wp-json\/wp\/v2\/types\/post"}],"author":[{"embeddable":true,"href":"https:\/\/lagumex.mx\/index\/wp-json\/wp\/v2\/users\/1"}],"replies":[{"embeddable":true,"href":"https:\/\/lagumex.mx\/index\/wp-json\/wp\/v2\/comments?post=1278"}],"version-history":[{"count":1,"href":"https:\/\/lagumex.mx\/index\/wp-json\/wp\/v2\/posts\/1278\/revisions"}],"predecessor-version":[{"id":1280,"href":"https:\/\/lagumex.mx\/index\/wp-json\/wp\/v2\/posts\/1278\/revisions\/1280"}],"wp:featuredmedia":[{"embeddable":true,"href":"https:\/\/lagumex.mx\/index\/wp-json\/wp\/v2\/media\/1279"}],"wp:attachment":[{"href":"https:\/\/lagumex.mx\/index\/wp-json\/wp\/v2\/media?parent=1278"}],"wp:term":[{"taxonomy":"category","embeddable":true,"href":"https:\/\/lagumex.mx\/index\/wp-json\/wp\/v2\/categories?post=1278"},{"taxonomy":"post_tag","embeddable":true,"href":"https:\/\/lagumex.mx\/index\/wp-json\/wp\/v2\/tags?post=1278"}],"curies":[{"name":"wp","href":"https:\/\/api.w.org\/{rel}","templated":true}]}}