{"id":1275,"date":"2023-10-04T21:57:43","date_gmt":"2023-10-04T21:57:43","guid":{"rendered":"http:\/\/lagumex.mx\/index\/?p=1275"},"modified":"2023-10-17T21:58:43","modified_gmt":"2023-10-17T21:58:43","slug":"preocupa-a-diputados-del-pri-trata-de-menores-y-violencia-contra-la-mujer","status":"publish","type":"post","link":"https:\/\/lagumex.mx\/index\/uncategorized\/congreso-de-durango\/preocupa-a-diputados-del-pri-trata-de-menores-y-violencia-contra-la-mujer\/","title":{"rendered":"Preocupa a diputados del PRI trata de menores y violencia contra la mujer"},"content":{"rendered":"\n<p>04 de octubre de 2023. <\/p>\n\n\n\n<p>Vital la coordinaci\u00f3n entre instituciones para erradicar la Violencia de g\u00e9nero: Gaby Hern\u00e1ndez.<\/p>\n\n\n\n<p>M\u00e9xico es tercero del mundo en explotaci\u00f3n sexual y mendicidad.<\/p>\n\n\n\n<p>La explotaci\u00f3n de personas sigue una tendencia al alza en M\u00e9xico, desde el 2020 se han registrado incrementos anuales en el total de v\u00edctimas registradas, afirm\u00f3 el diputado del PRI, Ricardo L\u00f3pez Pescador, durante la comparecencia de la Fiscal General del Estado, Sonia Yadira de la Garza.<\/p>\n\n\n\n<p>Indic\u00f3 que en nuestro pa\u00eds se ha registrado una tendencia a la alza en el total de casos relacionados con la trata de personas. Cerca del 34% de las v\u00edctimas son ni\u00f1as, ni\u00f1os y adolescentes.<\/p>\n\n\n\n<p>Dijo que este es uno de los delitos que m\u00e1s lastiman a la sociedad, porque atenta contra la integridad f\u00edsica, intelectual y afectiva de los menores.<\/p>\n\n\n\n<p>El 2022 fue, de hecho, el a\u00f1o m\u00e1s violento en materia de trata de personas con 936 v\u00edctimas; con ello, M\u00e9xico ya se coloca como el tercer pa\u00eds a escala global con m\u00e1s casos de trata con fines de explotaci\u00f3n sexual y mendicidad de menores, s\u00f3lo despu\u00e9s de Tailandia y Camboya, seg\u00fan el ranking de la Organizaci\u00f3n internacional A21.<\/p>\n\n\n\n<p>Afortunadamente en nuestro estado esta actividad delictiva no ha encontrado las condiciones para expandir sus tent\u00e1culos en detrimento de la sociedad. En ese orden de ideas, pidi\u00f3 a la titular de la FGE ampliar las acciones para contener este flagelo social en nuestra entidad.<\/p>\n\n\n\n<p>Por su parte, la legisladora Gabriela Hern\u00e1ndez L\u00f3pez, se mostr\u00f3 su preocupaci\u00f3n por la percepci\u00f3n de que Durango es un estado donde, desafortunadamente, se sigue violentando a la mujer.<\/p>\n\n\n\n<p>Destac\u00f3 que en el lapso de un a\u00f1o, se atendieron 63 mil 900 servicios especializados dentro del Centro de Justicia para Mujeres en primeras entrevistas, atenci\u00f3n jur\u00eddica y acompa\u00f1amiento especializado, atenci\u00f3n y tratamiento psicol\u00f3gico, ludoteca, trabajo social y vinculaci\u00f3n laboral.<\/p>\n\n\n\n<p>Destac\u00f3 Gaby Hern\u00e1ndez L\u00f3pez, que en ese periodo, la Fiscal\u00eda Especializada en Delitos familiares, recibi\u00f3 dos mil 308 denuncias y 279 en la Unidad Especializada en Delitos Sexuales. Por tanto, pidi\u00f3 a la Fiscal\u00eda General del Estado intensificar las acciones para frenar los delitos contra la mujer en la entidad.<\/p>\n","protected":false},"excerpt":{"rendered":"<p>04 de octubre de 2023. Vital la coordinaci\u00f3n entre instituciones para erradicar la Violencia de g\u00e9nero: Gaby Hern\u00e1ndez. M\u00e9xico es tercero del mundo en explotaci\u00f3n sexual y mendicidad. La explotaci\u00f3n de personas sigue una tendencia al alza en M\u00e9xico, desde el 2020 se han registrado incrementos anuales en el total de v\u00edctimas registradas, afirm\u00f3 el&#8230;<\/p>\n","protected":false},"author":1,"featured_media":1276,"comment_status":"open","ping_status":"open","sticky":false,"template":"","format":"standard","meta":{"footnotes":""},"categories":[13],"tags":[],"class_list":["post-1275","post","type-post","status-publish","format-standard","has-post-thumbnail","hentry","category-congreso-de-durango"],"_links":{"self":[{"href":"https:\/\/lagumex.mx\/index\/wp-json\/wp\/v2\/posts\/1275","targetHints":{"allow":["GET"]}}],"collection":[{"href":"https:\/\/lagumex.mx\/index\/wp-json\/wp\/v2\/posts"}],"about":[{"href":"https:\/\/lagumex.mx\/index\/wp-json\/wp\/v2\/types\/post"}],"author":[{"embeddable":true,"href":"https:\/\/lagumex.mx\/index\/wp-json\/wp\/v2\/users\/1"}],"replies":[{"embeddable":true,"href":"https:\/\/lagumex.mx\/index\/wp-json\/wp\/v2\/comments?post=1275"}],"version-history":[{"count":1,"href":"https:\/\/lagumex.mx\/index\/wp-json\/wp\/v2\/posts\/1275\/revisions"}],"predecessor-version":[{"id":1277,"href":"https:\/\/lagumex.mx\/index\/wp-json\/wp\/v2\/posts\/1275\/revisions\/1277"}],"wp:featuredmedia":[{"embeddable":true,"href":"https:\/\/lagumex.mx\/index\/wp-json\/wp\/v2\/media\/1276"}],"wp:attachment":[{"href":"https:\/\/lagumex.mx\/index\/wp-json\/wp\/v2\/media?parent=1275"}],"wp:term":[{"taxonomy":"category","embeddable":true,"href":"https:\/\/lagumex.mx\/index\/wp-json\/wp\/v2\/categories?post=1275"},{"taxonomy":"post_tag","embeddable":true,"href":"https:\/\/lagumex.mx\/index\/wp-json\/wp\/v2\/tags?post=1275"}],"curies":[{"name":"wp","href":"https:\/\/api.w.org\/{rel}","templated":true}]}}