{"id":1258,"date":"2023-10-10T05:02:00","date_gmt":"2023-10-10T05:02:00","guid":{"rendered":"http:\/\/lagumex.mx\/index\/?p=1258"},"modified":"2023-10-10T17:06:33","modified_gmt":"2023-10-10T17:06:33","slug":"se-mantiene-operativo-por-lluvias-en-lerdo","status":"publish","type":"post","link":"https:\/\/lagumex.mx\/index\/lerdo\/se-mantiene-operativo-por-lluvias-en-lerdo\/","title":{"rendered":"Se mantiene operativo por lluvias en Lerdo"},"content":{"rendered":"\n<p>10 de octubre de 2023.A ra\u00edz de la humedad que las precipitaciones pluviales han generado en la ciudad de Lerdo, durante la tarde del domingo pasado se dio atenci\u00f3n a diversos reportes ciudadanos, as\u00ed lo inform\u00f3 la coordinadora de Protecci\u00f3n Civil y Bomberos, Isabel Mac\u00edas Sifuentes.<\/p>\n\n\n\n<p>Se\u00f1al\u00f3 que fue el Alcalde Homero Mart\u00ednez Cabrera quien dio la instrucci\u00f3n a las dependencias operativas de estar atentas durante el fin de semana, por lo que la implementaci\u00f3n del operativo por lluvias continu\u00f3 ininterrumpidamente.<\/p>\n\n\n\n<p>Francisco de Hoyos Mart\u00ednez, director de Tr\u00e1nsito y Vialidad, report\u00f3 un accidente vehicular sobre la prolongaci\u00f3n Villa de Las Flores: el conductor de un autom\u00f3vil modelo Jetta perdi\u00f3 el control de la unidad, atravesando el camell\u00f3n central y la circulaci\u00f3n contraria, hasta derribar la tela cicl\u00f3nica de una empresa ubicada por el bulevar Aeropuerto.&nbsp;<\/p>\n\n\n\n<p>Por otro lado, tambi\u00e9n se inform\u00f3 sobre la apertura del desnivel Francisco Sarabia en coordinaci\u00f3n con el Sistema de Agua SAPAL.<\/p>\n\n\n\n<p>El Gobierno Municipal de Lerdo reitera el exhorto a la ciudadan\u00eda, para atender las medidas preventivas ante la presencia de precipitaciones en la ciudad; salir de casa solo si es necesario, evitar realizar actividades en espacios p\u00fablicos durante el mal tiempo, no conducir a excesos de velocidad ni en zonas inundadas, salir de casa sin prisas y reportar cualquier incidente a la l\u00ednea telef\u00f3nica 911.<\/p>\n","protected":false},"excerpt":{"rendered":"<p>10 de octubre de 2023.A ra\u00edz de la humedad que las precipitaciones pluviales han generado en la ciudad de Lerdo, durante la tarde del domingo pasado se dio atenci\u00f3n a diversos reportes ciudadanos, as\u00ed lo inform\u00f3 la coordinadora de Protecci\u00f3n Civil y Bomberos, Isabel Mac\u00edas Sifuentes. Se\u00f1al\u00f3 que fue el Alcalde Homero Mart\u00ednez Cabrera quien&#8230;<\/p>\n","protected":false},"author":1,"featured_media":1259,"comment_status":"open","ping_status":"open","sticky":false,"template":"","format":"standard","meta":{"footnotes":""},"categories":[3],"tags":[],"class_list":["post-1258","post","type-post","status-publish","format-standard","has-post-thumbnail","hentry","category-lerdo"],"_links":{"self":[{"href":"https:\/\/lagumex.mx\/index\/wp-json\/wp\/v2\/posts\/1258","targetHints":{"allow":["GET"]}}],"collection":[{"href":"https:\/\/lagumex.mx\/index\/wp-json\/wp\/v2\/posts"}],"about":[{"href":"https:\/\/lagumex.mx\/index\/wp-json\/wp\/v2\/types\/post"}],"author":[{"embeddable":true,"href":"https:\/\/lagumex.mx\/index\/wp-json\/wp\/v2\/users\/1"}],"replies":[{"embeddable":true,"href":"https:\/\/lagumex.mx\/index\/wp-json\/wp\/v2\/comments?post=1258"}],"version-history":[{"count":1,"href":"https:\/\/lagumex.mx\/index\/wp-json\/wp\/v2\/posts\/1258\/revisions"}],"predecessor-version":[{"id":1260,"href":"https:\/\/lagumex.mx\/index\/wp-json\/wp\/v2\/posts\/1258\/revisions\/1260"}],"wp:featuredmedia":[{"embeddable":true,"href":"https:\/\/lagumex.mx\/index\/wp-json\/wp\/v2\/media\/1259"}],"wp:attachment":[{"href":"https:\/\/lagumex.mx\/index\/wp-json\/wp\/v2\/media?parent=1258"}],"wp:term":[{"taxonomy":"category","embeddable":true,"href":"https:\/\/lagumex.mx\/index\/wp-json\/wp\/v2\/categories?post=1258"},{"taxonomy":"post_tag","embeddable":true,"href":"https:\/\/lagumex.mx\/index\/wp-json\/wp\/v2\/tags?post=1258"}],"curies":[{"name":"wp","href":"https:\/\/api.w.org\/{rel}","templated":true}]}}