{"id":1238,"date":"2023-10-03T04:50:00","date_gmt":"2023-10-03T04:50:00","guid":{"rendered":"http:\/\/lagumex.mx\/index\/?p=1238"},"modified":"2023-10-06T16:50:54","modified_gmt":"2023-10-06T16:50:54","slug":"presentan-actividades-por-mes-rosa-en-lerdo","status":"publish","type":"post","link":"https:\/\/lagumex.mx\/index\/lerdo\/presentan-actividades-por-mes-rosa-en-lerdo\/","title":{"rendered":"Presentan actividades por mes rosa en Lerdo"},"content":{"rendered":"\n<p>Lerdo, Durango 03 de octubre de 2023.- La directora del Instituto Municipal de la Mujer, Mar\u00eda del Refugio Adame G\u00fcereca, comparti\u00f3 que Lerdo est\u00e1 preparado para desarrollar nuevas actividades por el mes rosa, en el marco del d\u00eda internacional de la lucha contra el c\u00e1ncer de mama, y reforzar los servicios permanentes.<\/p>\n\n\n\n<p>La funcionaria resalt\u00f3 que el primer lunes del mes de octubre se llev\u00f3 a cabo el encendido rosa, donde se ilumin\u00f3 la Presidencia Municipal, as\u00ed como los edificios del SAPAL y Museo del C.P.A. Francisco Sarabia, como una muestra de que el Gobierno Municipal de Lerdo se suma al movimiento de sensibilizaci\u00f3n para la detecci\u00f3n temprana de esta enfermedad y prevenci\u00f3n mediante la autoexploraci\u00f3n. <\/p>\n\n\n\n<p>Es as\u00ed que el jueves 5 de octubre, el personal del instituto acudir\u00e1 al Centro de Bachillerato Tecnol\u00f3gico industrial y de servicios (CBTis) No. 4 para promover la palpaci\u00f3n mamaria en la Feria de la Salud, pues aunque el c\u00e1ncer de mama en j\u00f3venes es poco frecuente, cuando aparece puede ser m\u00e1s agresivo.<\/p>\n\n\n\n<p>El d\u00eda mi\u00e9rcoles 11, se impartir\u00e1 una pl\u00e1tica respecto este importante tema a las mujeres del voluntariado del 72 Batall\u00f3n de Infanter\u00eda, para conocer c\u00f3mo detectar los signos de advertencia del c\u00e1ncer de mama.<\/p>\n\n\n\n<p>El jueves 19, D\u00eda Internacional de la Lucha Contra el C\u00e1ncer de Mama, se formar\u00e1 el lazo humano rosa frente al reloj de la Presidencia Municipal, a las 9:30 de la ma\u00f1ana, posteriormente, a las 11:00 en el Teatro Hermila Galindo, se brindar\u00e1 una conferencia preventiva a cargo de integrantes de la asociaci\u00f3n civil \u201cMujeres Salvando Mujeres\u201d, y el Presidente Municipal Homero Mart\u00ednez Cabrera har\u00e1 entrega de Pr\u00f3tesis Mamarias.<\/p>\n","protected":false},"excerpt":{"rendered":"<p>Lerdo, Durango 03 de octubre de 2023.- La directora del Instituto Municipal de la Mujer, Mar\u00eda del Refugio Adame G\u00fcereca, comparti\u00f3 que Lerdo est\u00e1 preparado para desarrollar nuevas actividades por el mes rosa, en el marco del d\u00eda internacional de la lucha contra el c\u00e1ncer de mama, y reforzar los servicios permanentes. La funcionaria resalt\u00f3&#8230;<\/p>\n","protected":false},"author":1,"featured_media":0,"comment_status":"open","ping_status":"open","sticky":false,"template":"","format":"standard","meta":{"footnotes":""},"categories":[3],"tags":[],"class_list":["post-1238","post","type-post","status-publish","format-standard","hentry","category-lerdo"],"_links":{"self":[{"href":"https:\/\/lagumex.mx\/index\/wp-json\/wp\/v2\/posts\/1238","targetHints":{"allow":["GET"]}}],"collection":[{"href":"https:\/\/lagumex.mx\/index\/wp-json\/wp\/v2\/posts"}],"about":[{"href":"https:\/\/lagumex.mx\/index\/wp-json\/wp\/v2\/types\/post"}],"author":[{"embeddable":true,"href":"https:\/\/lagumex.mx\/index\/wp-json\/wp\/v2\/users\/1"}],"replies":[{"embeddable":true,"href":"https:\/\/lagumex.mx\/index\/wp-json\/wp\/v2\/comments?post=1238"}],"version-history":[{"count":1,"href":"https:\/\/lagumex.mx\/index\/wp-json\/wp\/v2\/posts\/1238\/revisions"}],"predecessor-version":[{"id":1239,"href":"https:\/\/lagumex.mx\/index\/wp-json\/wp\/v2\/posts\/1238\/revisions\/1239"}],"wp:attachment":[{"href":"https:\/\/lagumex.mx\/index\/wp-json\/wp\/v2\/media?parent=1238"}],"wp:term":[{"taxonomy":"category","embeddable":true,"href":"https:\/\/lagumex.mx\/index\/wp-json\/wp\/v2\/categories?post=1238"},{"taxonomy":"post_tag","embeddable":true,"href":"https:\/\/lagumex.mx\/index\/wp-json\/wp\/v2\/tags?post=1238"}],"curies":[{"name":"wp","href":"https:\/\/api.w.org\/{rel}","templated":true}]}}