{"id":1230,"date":"2023-10-06T04:46:00","date_gmt":"2023-10-06T04:46:00","guid":{"rendered":"http:\/\/lagumex.mx\/index\/?p=1230"},"modified":"2023-10-06T16:48:10","modified_gmt":"2023-10-06T16:48:10","slug":"homero-martinez-asiste-a-la-inauguracion-del-tercer-congreso-nacional-de-derecho","status":"publish","type":"post","link":"https:\/\/lagumex.mx\/index\/lerdo\/homero-martinez-asiste-a-la-inauguracion-del-tercer-congreso-nacional-de-derecho\/","title":{"rendered":"Homero Mart\u00ednez asiste a la inauguraci\u00f3n del Tercer Congreso Nacional de Derecho"},"content":{"rendered":"\n<p>Lerdo, Durango 06 de octubre de 2023.- El Presidente Municipal de Ciudad Lerdo, Homero Mart\u00ednez Cabrera, asisti\u00f3 a la inauguraci\u00f3n del Tercer Congreso Nacional de Derecho, que tuvo lugar en el Teatro Hermila Galindo. En su mensaje de apertura, destac\u00f3 la importancia de este evento en beneficio de los estudiantes de derecho y agradeci\u00f3 a los asistentes, incluyendo a diputadas, representantes del poder judicial y magistrados.<\/p>\n\n\n\n<p>La representaci\u00f3n del Gobernador, Esteban Villegas, estuvo a cargo del subsecretario de Gobierno Regi\u00f3n Laguna, Ra\u00fal Meraz, quien agradeci\u00f3 a los organizadores de este congreso, por atraer eventos de alto impacto al estado de Durango, los cuales ser\u00e1n apoyados en todo momento por el Gobernador y el Presidente Homero Mart\u00ednez, haciendo equipo para el beneficio de los j\u00f3venes, del \u00e1rea jur\u00eddica y las leyes en Durango.<\/p>\n","protected":false},"excerpt":{"rendered":"<p>Lerdo, Durango 06 de octubre de 2023.- El Presidente Municipal de Ciudad Lerdo, Homero Mart\u00ednez Cabrera, asisti\u00f3 a la inauguraci\u00f3n del Tercer Congreso Nacional de Derecho, que tuvo lugar en el Teatro Hermila Galindo. En su mensaje de apertura, destac\u00f3 la importancia de este evento en beneficio de los estudiantes de derecho y agradeci\u00f3 a&#8230;<\/p>\n","protected":false},"author":1,"featured_media":1231,"comment_status":"open","ping_status":"open","sticky":false,"template":"","format":"standard","meta":{"footnotes":""},"categories":[3],"tags":[],"class_list":["post-1230","post","type-post","status-publish","format-standard","has-post-thumbnail","hentry","category-lerdo"],"_links":{"self":[{"href":"https:\/\/lagumex.mx\/index\/wp-json\/wp\/v2\/posts\/1230","targetHints":{"allow":["GET"]}}],"collection":[{"href":"https:\/\/lagumex.mx\/index\/wp-json\/wp\/v2\/posts"}],"about":[{"href":"https:\/\/lagumex.mx\/index\/wp-json\/wp\/v2\/types\/post"}],"author":[{"embeddable":true,"href":"https:\/\/lagumex.mx\/index\/wp-json\/wp\/v2\/users\/1"}],"replies":[{"embeddable":true,"href":"https:\/\/lagumex.mx\/index\/wp-json\/wp\/v2\/comments?post=1230"}],"version-history":[{"count":1,"href":"https:\/\/lagumex.mx\/index\/wp-json\/wp\/v2\/posts\/1230\/revisions"}],"predecessor-version":[{"id":1232,"href":"https:\/\/lagumex.mx\/index\/wp-json\/wp\/v2\/posts\/1230\/revisions\/1232"}],"wp:featuredmedia":[{"embeddable":true,"href":"https:\/\/lagumex.mx\/index\/wp-json\/wp\/v2\/media\/1231"}],"wp:attachment":[{"href":"https:\/\/lagumex.mx\/index\/wp-json\/wp\/v2\/media?parent=1230"}],"wp:term":[{"taxonomy":"category","embeddable":true,"href":"https:\/\/lagumex.mx\/index\/wp-json\/wp\/v2\/categories?post=1230"},{"taxonomy":"post_tag","embeddable":true,"href":"https:\/\/lagumex.mx\/index\/wp-json\/wp\/v2\/tags?post=1230"}],"curies":[{"name":"wp","href":"https:\/\/api.w.org\/{rel}","templated":true}]}}