{"id":1225,"date":"2023-10-03T04:44:00","date_gmt":"2023-10-03T04:44:00","guid":{"rendered":"http:\/\/lagumex.mx\/index\/?p=1225"},"modified":"2023-10-06T16:45:10","modified_gmt":"2023-10-06T16:45:10","slug":"atrevete-a-sentir-el-miedo-bajo-tierra-invita-gobierno-de-esteban-a-disfrutar-el-tunel-del-terror","status":"publish","type":"post","link":"https:\/\/lagumex.mx\/index\/durango\/atrevete-a-sentir-el-miedo-bajo-tierra-invita-gobierno-de-esteban-a-disfrutar-el-tunel-del-terror\/","title":{"rendered":"\u00a1Atr\u00e9vete a sentir el miedo bajo tierra!; invita Gobierno de Esteban a disfrutar el T\u00fanel del Terror"},"content":{"rendered":"\n<p>Direcci\u00f3n de Ferias Espect\u00e1culos y Paseos Tur\u00edsticos prepara actividades de temporada como la exhibici\u00f3n del altar de muertos en el Telef\u00e9rico y shows sorpresa en el Paseo del Viejo Oeste.<\/p>\n\n\n\n<p>03 de octubre de 2023. El Gobierno de Esteban Villegas a trav\u00e9s de la Direcci\u00f3n de Ferias Espect\u00e1culos y Paseos Tur\u00edsticos ha preparado para esta temporada los mejores espect\u00e1culos para chicos y grandes, como el T\u00fanel del Terror, que del 01 de octubre al 5 noviembre de 15:00 a 21:00 horas, de lunes a domingo, pondr\u00e1 a temblar\u00a0 de miedo a los m\u00e1s valientes.<\/p>\n\n\n\n<p>&nbsp;Lo anterior fue dado a conocer por el titular de Ferias y Espect\u00e1culos, Lauro Arce Gallegos, quien detall\u00f3 que el famoso T\u00fanel de Miner\u00eda ha sido acondicionado especialmente para que los visitantes vivan una experiencia terror\u00edfica que los pondr\u00e1 a prueba y los mantendr\u00e1 alerta en todo momento.<\/p>\n\n\n\n<p>Detall\u00f3 que a cada paso que den en este espacio, el miedo se har\u00e1 presente, los envolver\u00e1 en lamentos y penumbras que no terminar\u00e1n hasta ver la luz al final del t\u00fanel.<\/p>\n\n\n\n<p>El T\u00fanel del Terror forma parte de las m\u00faltiples actividades que se tienen preparadas para este mes y el inicio del siguiente, ya que el 2 de noviembre, se tendr\u00e1 la exhibici\u00f3n del altar de muertos en el Telef\u00e9rico, ofreciendo a todos la oportunidad de contemplar y apreciar esta tradici\u00f3n tan representativa para los mexicanos, apunt\u00f3 el Director.<\/p>\n\n\n\n<p>Adem\u00e1s de estos atractivos, se llevar\u00e1n a cabo shows sorpresa en el Paseo del Viejo Oeste, alusivos a esta fecha tan especial para la cultura de M\u00e9xico.<\/p>\n\n\n\n<p>Cabe mencionar que el T\u00fanel del Terror estar\u00e1 abierto del 01 de octubre al 5 noviembre de 15:00 a 21:00 horas, de lunes a domingo con un costo de $75.00 por persona.<\/p>\n","protected":false},"excerpt":{"rendered":"<p>Direcci\u00f3n de Ferias Espect\u00e1culos y Paseos Tur\u00edsticos prepara actividades de temporada como la exhibici\u00f3n del altar de muertos en el Telef\u00e9rico y shows sorpresa en el Paseo del Viejo Oeste. 03 de octubre de 2023. El Gobierno de Esteban Villegas a trav\u00e9s de la Direcci\u00f3n de Ferias Espect\u00e1culos y Paseos Tur\u00edsticos ha preparado para esta&#8230;<\/p>\n","protected":false},"author":1,"featured_media":0,"comment_status":"open","ping_status":"open","sticky":false,"template":"","format":"standard","meta":{"footnotes":""},"categories":[1],"tags":[],"class_list":["post-1225","post","type-post","status-publish","format-standard","hentry","category-durango"],"_links":{"self":[{"href":"https:\/\/lagumex.mx\/index\/wp-json\/wp\/v2\/posts\/1225","targetHints":{"allow":["GET"]}}],"collection":[{"href":"https:\/\/lagumex.mx\/index\/wp-json\/wp\/v2\/posts"}],"about":[{"href":"https:\/\/lagumex.mx\/index\/wp-json\/wp\/v2\/types\/post"}],"author":[{"embeddable":true,"href":"https:\/\/lagumex.mx\/index\/wp-json\/wp\/v2\/users\/1"}],"replies":[{"embeddable":true,"href":"https:\/\/lagumex.mx\/index\/wp-json\/wp\/v2\/comments?post=1225"}],"version-history":[{"count":1,"href":"https:\/\/lagumex.mx\/index\/wp-json\/wp\/v2\/posts\/1225\/revisions"}],"predecessor-version":[{"id":1226,"href":"https:\/\/lagumex.mx\/index\/wp-json\/wp\/v2\/posts\/1225\/revisions\/1226"}],"wp:attachment":[{"href":"https:\/\/lagumex.mx\/index\/wp-json\/wp\/v2\/media?parent=1225"}],"wp:term":[{"taxonomy":"category","embeddable":true,"href":"https:\/\/lagumex.mx\/index\/wp-json\/wp\/v2\/categories?post=1225"},{"taxonomy":"post_tag","embeddable":true,"href":"https:\/\/lagumex.mx\/index\/wp-json\/wp\/v2\/tags?post=1225"}],"curies":[{"name":"wp","href":"https:\/\/api.w.org\/{rel}","templated":true}]}}