{"id":1222,"date":"2023-10-04T04:42:00","date_gmt":"2023-10-04T04:42:00","guid":{"rendered":"http:\/\/lagumex.mx\/index\/?p=1222"},"modified":"2023-10-06T16:44:38","modified_gmt":"2023-10-06T16:44:38","slug":"siguen-llegando-uniformes-y-utiles-a-estudiantes-esteban-y-lety-les-suman-calzado-escolar-a-alumnos-de-gomez-palacio","status":"publish","type":"post","link":"https:\/\/lagumex.mx\/index\/durango\/siguen-llegando-uniformes-y-utiles-a-estudiantes-esteban-y-lety-les-suman-calzado-escolar-a-alumnos-de-gomez-palacio\/","title":{"rendered":"Siguen llegando uniformes y \u00fatiles a estudiantes; Esteban y Lety les suman calzado escolar a alumnos de G\u00f3mez Palacio"},"content":{"rendered":"\n<p>Los apoyos que ha emprendido el Gobierno Estatal, son un rayo de esperanza para nosotros y las futuras generaciones: padres de familia.<\/p>\n\n\n\n<p><strong>G\u00f3mez Palacio, Dgo. 04 de octubre de 2023.-<\/strong> \u201cVamos a trabajar para que esta generaci\u00f3n sea la mejor que haya tenido Durango; que quiten los miedos y sigan sus sue\u00f1os\u201d, les dijo el gobernador Esteban Villegas Villarreal\u00a0 a ni\u00f1os y ni\u00f1as de G\u00f3mez Palacio al continuar con la entrega de uniformes y \u00fatiles escolares, as\u00ed como calzado escolar junto a la presidenta municipal Leticia Herrera Ale.<\/p>\n\n\n\n<p>Antes que termine el a\u00f1o estar\u00e1n repartidos los m\u00e1s de 400 mil uniformes en todo el territorio duranguense, as\u00ed como los paquetes de \u00fatiles escolares; \u201cm\u00e1s all\u00e1 del ahorro que genera la entrega de estas prendas, es equidad, igualdad e identidad para nuestros ni\u00f1os\u201d, expres\u00f3 el Mandatario Estatal ante alumnos de la Escuela Primaria \u201cLa Esperanza\u201d.<\/p>\n\n\n\n<p>Por su parte, la alcaldesa gomezpalatina Leticia Herrera Ale, agradeci\u00f3 el apoyo permanente del Gobernador y reiter\u00f3 su compromiso para seguir coordinados, \u201cno tengo m\u00e1s que agradecerle a Esteban, cada vez que viene siempre llega con las manos llenas, vamos a seguir trabajando para poder garantizar condiciones de educaci\u00f3n e igualitaria en G\u00f3mez Palacio\u201d, recalc\u00f3.<\/p>\n\n\n\n<p>Lilia del Carmen Garc\u00eda Arag\u00f3n, madre de familia, destac\u00f3 que la empat\u00eda, comprensi\u00f3n y visita del Gobernador ha tenido un impacto significativo en sus vidas; \u201cel apoyo que nos han ofrecido es invaluable y los apoyos que ha emprendido para mejorar la educaci\u00f3n y la salud, son un rayo de esperanza para nosotros y las futuras generaciones\u201d, indic\u00f3.<\/p>\n\n\n\n<p>Con esta entrega, continua la distribuci\u00f3n de m\u00e1s de 400 mil uniformes escolares gratuitos que llegar\u00e1n a ni\u00f1os de preescolar, primaria&nbsp; y secundaria de todo el estado, entre los que destacan 120 mil prendas para la regi\u00f3n Laguna as\u00ed como aquellas confeccionadas con dise\u00f1o tradicional para alumnos de comunidades ind\u00edgena.<\/p>\n","protected":false},"excerpt":{"rendered":"<p>Los apoyos que ha emprendido el Gobierno Estatal, son un rayo de esperanza para nosotros y las futuras generaciones: padres de familia. G\u00f3mez Palacio, Dgo. 04 de octubre de 2023.- \u201cVamos a trabajar para que esta generaci\u00f3n sea la mejor que haya tenido Durango; que quiten los miedos y sigan sus sue\u00f1os\u201d, les dijo el&#8230;<\/p>\n","protected":false},"author":1,"featured_media":1223,"comment_status":"open","ping_status":"open","sticky":false,"template":"","format":"standard","meta":{"footnotes":""},"categories":[1,12],"tags":[],"class_list":["post-1222","post","type-post","status-publish","format-standard","has-post-thumbnail","hentry","category-durango","category-gomez-palacio"],"_links":{"self":[{"href":"https:\/\/lagumex.mx\/index\/wp-json\/wp\/v2\/posts\/1222","targetHints":{"allow":["GET"]}}],"collection":[{"href":"https:\/\/lagumex.mx\/index\/wp-json\/wp\/v2\/posts"}],"about":[{"href":"https:\/\/lagumex.mx\/index\/wp-json\/wp\/v2\/types\/post"}],"author":[{"embeddable":true,"href":"https:\/\/lagumex.mx\/index\/wp-json\/wp\/v2\/users\/1"}],"replies":[{"embeddable":true,"href":"https:\/\/lagumex.mx\/index\/wp-json\/wp\/v2\/comments?post=1222"}],"version-history":[{"count":1,"href":"https:\/\/lagumex.mx\/index\/wp-json\/wp\/v2\/posts\/1222\/revisions"}],"predecessor-version":[{"id":1224,"href":"https:\/\/lagumex.mx\/index\/wp-json\/wp\/v2\/posts\/1222\/revisions\/1224"}],"wp:featuredmedia":[{"embeddable":true,"href":"https:\/\/lagumex.mx\/index\/wp-json\/wp\/v2\/media\/1223"}],"wp:attachment":[{"href":"https:\/\/lagumex.mx\/index\/wp-json\/wp\/v2\/media?parent=1222"}],"wp:term":[{"taxonomy":"category","embeddable":true,"href":"https:\/\/lagumex.mx\/index\/wp-json\/wp\/v2\/categories?post=1222"},{"taxonomy":"post_tag","embeddable":true,"href":"https:\/\/lagumex.mx\/index\/wp-json\/wp\/v2\/tags?post=1222"}],"curies":[{"name":"wp","href":"https:\/\/api.w.org\/{rel}","templated":true}]}}