{"id":1216,"date":"2023-10-04T04:40:00","date_gmt":"2023-10-04T04:40:00","guid":{"rendered":"http:\/\/lagumex.mx\/index\/?p=1216"},"modified":"2023-10-06T16:41:20","modified_gmt":"2023-10-06T16:41:20","slug":"coahuila-es-transparente-con-rendicion-cuentas-y-tiene-la-confianza-de-su-poblacion","status":"publish","type":"post","link":"https:\/\/lagumex.mx\/index\/uncategorized\/uac\/uac-uac\/coahuila-coahuila\/coahuila-es-transparente-con-rendicion-cuentas-y-tiene-la-confianza-de-su-poblacion\/","title":{"rendered":"COAHUILA ES TRANSPARENTE, CON RENDICI\u00d3N CUENTAS Y TIENE LA CONFIANZA DE SU POBLACI\u00d3N"},"content":{"rendered":"\n<p><strong><em>Destacan INEGI e IMCO sus avances en la materia.<\/em><\/strong><\/p>\n\n\n\n<p>Arteaga, Coahuila de Zaragoza; a 4 de Octubre de 2023.-&nbsp;&nbsp;En el Gobierno de Miguel \u00c1ngel Riquelme Sol\u00eds, donde sus principales prioridades son la transparencia y la rendici\u00f3n de cuentas, Coahuila destaca a nivel nacional en esos indicadores, de acuerdo al INEGI&nbsp;&nbsp;y al IMCO.<\/p>\n\n\n\n<p>Lo anterior, se puso de manifiesto durante la Premiaci\u00f3n de los Concursos Estatales de Contralor\u00eda Social y de la XI Edici\u00f3n de Transparencia en Corto 2023, que a nombre del Mandatario estatal presidi\u00f3 el Secretario de Gobierno, Fernando de las Fuentes Hern\u00e1ndez.<\/p>\n\n\n\n<p>Junto a la Secretaria de Fiscalizaci\u00f3n y Rendici\u00f3n de Cuentas, Teresa Guajardo Berlanga, y el Alcalde de Arteaga, Ramiro Dur\u00e1n Garc\u00eda, entreg\u00f3 los premios a las y los ganadores en la Infoteca de la UA de C.<\/p>\n\n\n\n<p>En la ceremonia, De las Fuentes Hern\u00e1ndez extern\u00f3 que el Gobierno de Coahuila impulsa la denuncia ciudadana para enriquecer sus programas de transparencia y rendici\u00f3n de cuentas.<\/p>\n\n\n\n<p>De esta manera, expres\u00f3, se tienen avances considerables en el ataque a il\u00edcitos, por ejemplo, en violencia en contra de la mujer o contra la salud.<\/p>\n\n\n\n<p>Exhort\u00f3 a la ciudadan\u00eda a fortalecer los lazos de comunicaci\u00f3n con sus autoridades para frenar casos de corrupci\u00f3n, lastre que acompa\u00f1a a toda sociedad.<\/p>\n\n\n\n<p>Reconoci\u00f3 y felicit\u00f3 a todos (as) los participantes en ambos concursos, donde se puso de manifiesto la gran creatividad e inter\u00e9s de la comunidad coahuilense para resolver ese flagelo.<\/p>\n\n\n\n<p>Mientras que la titular de la SEFIRC, Teresa Guajardo Berlanga, inform\u00f3 los detalles que se desarrollaron para llevar a cabo los procesos de ambos concursos, y resalt\u00f3 la colaboraci\u00f3n que se tuvo con diversos organismos para llevarlos al \u00e9xito.<\/p>\n\n\n\n<p>Agradeci\u00f3 al Instituto Coahuilense de Acceso a la Informaci\u00f3n P\u00fablica, al Consejo de Participaci\u00f3n Ciudadana del Sistema Estatal Anticorrupci\u00f3n y al Voluntariado del DIF-Coahuila, quienes participaron como Jurado Calificador en la deliberaci\u00f3n de los proyectos de Contralor\u00eda Social y los Cortometrajes de Transparencia en Corto.<\/p>\n\n\n\n<p>Extern\u00f3 su convicci\u00f3n de la coordinaci\u00f3n entre las instancias de gobierno y la sociedad civil, pues este trabajo \u201cincide para que Coahuila se ubique como referente nacional en algunos indicadores\u201d.<\/p>\n\n\n\n<p>\u201cPor ejemplo, el INEGI ubica a Coahuila como la tercera entidad donde hay un menor porcentaje de la poblaci\u00f3n que considera frecuentes o muy frecuentes lo actos de corrupci\u00f3n, y en el cuarto lugar respecto a la confianza ciudadana en el Gobierno Estatal.<\/p>\n\n\n\n<p>\u201cEn tanto, el IMCO, en el \u00cdndice de Competitividad Estatal, nos posiciona en el cuarto lugar; en la misma medici\u00f3n, en la quinta posici\u00f3n, en el sub\u00edndice Gobiernos\u201d, enfatiz\u00f3 Guajardo Berlanga.<\/p>\n\n\n\n<p>Lo anterior, se\u00f1al\u00f3, demuestra que Coahuila es transparente, con rendici\u00f3n de cuentas y en el cual conf\u00edan sus ciudadanos.<\/p>\n\n\n\n<p>Por otra parte, inform\u00f3 que las y los ganadores de cada Categor\u00eda, tanto del Premio de Contralor\u00eda Social como en el Concurso de Transparencia en Corto, representar\u00e1n a Coahuila en la etapa nacional, que tendr\u00e1 lugar en noviembre en la Reuni\u00f3n Nacional de la Comisi\u00f3n Permanente de Contralores Estados-Federaci\u00f3n.<\/p>\n\n\n\n<p>En ese sentido, la titular de la SEFIRC detall\u00f3 que el Premio Estatal de Contralor\u00eda Social se dividi\u00f3 en dos categor\u00edas:<\/p>\n\n\n\n<p>La primera, con el objetivo de documentar las \u201cAcciones de los Comit\u00e9s de Contralor\u00eda Social\u201d y sus propuestas de mejora a las actividades de organizaci\u00f3n, seguimiento a la supervisi\u00f3n y vigilancia de los programas de apoyo, obra o servicios que se ejecutan con recursos p\u00fablicos federales, estatales o municipales.<\/p>\n\n\n\n<p>La segunda, con el tema de \u201cAcciones de Vigilancia en la Gesti\u00f3n P\u00fablica\u201d, con el fin de que las organizaciones de la sociedad civil y la sociedad en general presenten experiencias y\/o propuestas de mejora relacionadas con acciones de vigilancia ciudadana en la gesti\u00f3n p\u00fablica que fomenten la transparencia, rendici\u00f3n de cuentas e incidan en el combate a la corrupci\u00f3n.<\/p>\n\n\n\n<p>Guajardo Berlanga mencion\u00f3 que se recibieron 22 proyectos de Contralor\u00eda Social: 10 de la primera categor\u00eda, los cuales fueron presentados por los Comit\u00e9s de Contralor\u00eda Social de los programas sociales, y 12 de la segunda categor\u00eda, presentados por organizaciones de la sociedad civil y ciudadan\u00eda en general, ubicados en los municipios de Frontera, Piedras Negras, Sabinas, Saltillo y Torre\u00f3n.<\/p>\n","protected":false},"excerpt":{"rendered":"<p>Destacan INEGI e IMCO sus avances en la materia. Arteaga, Coahuila de Zaragoza; a 4 de Octubre de 2023.-&nbsp;&nbsp;En el Gobierno de Miguel \u00c1ngel Riquelme Sol\u00eds, donde sus principales prioridades son la transparencia y la rendici\u00f3n de cuentas, Coahuila destaca a nivel nacional en esos indicadores, de acuerdo al INEGI&nbsp;&nbsp;y al IMCO. Lo anterior, se&#8230;<\/p>\n","protected":false},"author":1,"featured_media":1217,"comment_status":"open","ping_status":"open","sticky":false,"template":"","format":"standard","meta":{"footnotes":""},"categories":[2],"tags":[],"class_list":["post-1216","post","type-post","status-publish","format-standard","has-post-thumbnail","hentry","category-coahuila-coahuila"],"_links":{"self":[{"href":"https:\/\/lagumex.mx\/index\/wp-json\/wp\/v2\/posts\/1216","targetHints":{"allow":["GET"]}}],"collection":[{"href":"https:\/\/lagumex.mx\/index\/wp-json\/wp\/v2\/posts"}],"about":[{"href":"https:\/\/lagumex.mx\/index\/wp-json\/wp\/v2\/types\/post"}],"author":[{"embeddable":true,"href":"https:\/\/lagumex.mx\/index\/wp-json\/wp\/v2\/users\/1"}],"replies":[{"embeddable":true,"href":"https:\/\/lagumex.mx\/index\/wp-json\/wp\/v2\/comments?post=1216"}],"version-history":[{"count":1,"href":"https:\/\/lagumex.mx\/index\/wp-json\/wp\/v2\/posts\/1216\/revisions"}],"predecessor-version":[{"id":1218,"href":"https:\/\/lagumex.mx\/index\/wp-json\/wp\/v2\/posts\/1216\/revisions\/1218"}],"wp:featuredmedia":[{"embeddable":true,"href":"https:\/\/lagumex.mx\/index\/wp-json\/wp\/v2\/media\/1217"}],"wp:attachment":[{"href":"https:\/\/lagumex.mx\/index\/wp-json\/wp\/v2\/media?parent=1216"}],"wp:term":[{"taxonomy":"category","embeddable":true,"href":"https:\/\/lagumex.mx\/index\/wp-json\/wp\/v2\/categories?post=1216"},{"taxonomy":"post_tag","embeddable":true,"href":"https:\/\/lagumex.mx\/index\/wp-json\/wp\/v2\/tags?post=1216"}],"curies":[{"name":"wp","href":"https:\/\/api.w.org\/{rel}","templated":true}]}}