{"id":1195,"date":"2023-10-02T17:14:51","date_gmt":"2023-10-02T17:14:51","guid":{"rendered":"http:\/\/lagumex.mx\/index\/?p=1195"},"modified":"2023-10-03T17:16:11","modified_gmt":"2023-10-03T17:16:11","slug":"este-jueves-cierra-ventanilla-del-subsidio-de-semilla-de-avena-en-lerdo","status":"publish","type":"post","link":"https:\/\/lagumex.mx\/index\/lerdo\/este-jueves-cierra-ventanilla-del-subsidio-de-semilla-de-avena-en-lerdo\/","title":{"rendered":"Este jueves cierra ventanilla del subsidio de semilla de avena en Lerdo"},"content":{"rendered":"\n<p>02 de octubre de 2023.El director de Desarrollo Rural en Lerdo, Lorenzo Ponce, record\u00f3 a los productores del campo que el programa de Semilla de Avena Forrajera subsidiada estar\u00e1 disponible para su solicitud hasta este jueves 5 de octubre.<\/p>\n\n\n\n<p>El funcionario indic\u00f3 que es prioridad del Alcalde Homero Mart\u00ednez Cabrera apoyar a los productores en el municipio entreg\u00e1ndoles semilla a bajo costo, por esa raz\u00f3n, el precio ser\u00e1 de 6 pesos por kilo, con una asignaci\u00f3n de hasta tres hect\u00e1reas por productor, esperando proveer a 200 beneficiarios.<\/p>\n\n\n\n<p>Destac\u00f3 que este programa se realiza en colaboraci\u00f3n con el Gobernador del Estado, Esteban Villegas Villarreal, con el objetivo de beneficiar la econom\u00eda del campo, e invit\u00f3 a los interesados a acercarse directamente a la ventanilla de atenci\u00f3n, ubicada en la oficina de Desarrollo Rural, (calle Chihuahua # 14, frente al Parque Victoria). Ah\u00ed, recibir\u00e1n informaci\u00f3n detallada en un horario de 8:00 de la ma\u00f1ana a 4:00 de la tarde.<\/p>\n\n\n\n<p>Los requisitos para ser parte del programa son los siguientes: presentar credencial del INE, CURP, comprobante de domicilio actual (con antig\u00fcedad no mayor a tres meses) y la documentaci\u00f3n que acredite la propiedad del terreno donde se utilizar\u00e1 la semilla.<\/p>\n","protected":false},"excerpt":{"rendered":"<p>02 de octubre de 2023.El director de Desarrollo Rural en Lerdo, Lorenzo Ponce, record\u00f3 a los productores del campo que el programa de Semilla de Avena Forrajera subsidiada estar\u00e1 disponible para su solicitud hasta este jueves 5 de octubre. El funcionario indic\u00f3 que es prioridad del Alcalde Homero Mart\u00ednez Cabrera apoyar a los productores en&#8230;<\/p>\n","protected":false},"author":1,"featured_media":1196,"comment_status":"open","ping_status":"open","sticky":false,"template":"","format":"standard","meta":{"footnotes":""},"categories":[3],"tags":[],"class_list":["post-1195","post","type-post","status-publish","format-standard","has-post-thumbnail","hentry","category-lerdo"],"_links":{"self":[{"href":"https:\/\/lagumex.mx\/index\/wp-json\/wp\/v2\/posts\/1195","targetHints":{"allow":["GET"]}}],"collection":[{"href":"https:\/\/lagumex.mx\/index\/wp-json\/wp\/v2\/posts"}],"about":[{"href":"https:\/\/lagumex.mx\/index\/wp-json\/wp\/v2\/types\/post"}],"author":[{"embeddable":true,"href":"https:\/\/lagumex.mx\/index\/wp-json\/wp\/v2\/users\/1"}],"replies":[{"embeddable":true,"href":"https:\/\/lagumex.mx\/index\/wp-json\/wp\/v2\/comments?post=1195"}],"version-history":[{"count":1,"href":"https:\/\/lagumex.mx\/index\/wp-json\/wp\/v2\/posts\/1195\/revisions"}],"predecessor-version":[{"id":1197,"href":"https:\/\/lagumex.mx\/index\/wp-json\/wp\/v2\/posts\/1195\/revisions\/1197"}],"wp:featuredmedia":[{"embeddable":true,"href":"https:\/\/lagumex.mx\/index\/wp-json\/wp\/v2\/media\/1196"}],"wp:attachment":[{"href":"https:\/\/lagumex.mx\/index\/wp-json\/wp\/v2\/media?parent=1195"}],"wp:term":[{"taxonomy":"category","embeddable":true,"href":"https:\/\/lagumex.mx\/index\/wp-json\/wp\/v2\/categories?post=1195"},{"taxonomy":"post_tag","embeddable":true,"href":"https:\/\/lagumex.mx\/index\/wp-json\/wp\/v2\/tags?post=1195"}],"curies":[{"name":"wp","href":"https:\/\/api.w.org\/{rel}","templated":true}]}}