{"id":1183,"date":"2023-10-03T05:05:00","date_gmt":"2023-10-03T05:05:00","guid":{"rendered":"http:\/\/lagumex.mx\/index\/?p=1183"},"modified":"2023-10-03T17:07:40","modified_gmt":"2023-10-03T17:07:40","slug":"el-instituto-18-de-marzo-instala-dispositivos-de-control-escolar","status":"publish","type":"post","link":"https:\/\/lagumex.mx\/index\/gomez-palacio\/el-instituto-18-de-marzo-instala-dispositivos-de-control-escolar\/","title":{"rendered":"El Instituto 18 de Marzo instala dispositivos de control escolar"},"content":{"rendered":"\n<p>03 de octubre de 2023. G\u00f3mez Palacio, Durango (OEM).- El Instituto 18 de Marzo puso en marcha un dispositivo digital en que se lograr\u00e1 tener un control de acceso de los m\u00e1s de 2 mil estudiantes as\u00ed como el hecho de monitorear el aprovechamiento acad\u00e9mico de cada estudiante. Adem\u00e1s, dicho dispositivo estar\u00e1 vinculado a los tel\u00e9fonos celulares de los padres de familia para que ellos est\u00e9n al tanto de la permanencia de sus hijos en la instituci\u00f3n.<\/p>\n\n\n\n<p>Jes\u00fas Orozco Rodr\u00edguez, director general del Instituto 18 de Marzo, dio a conocer que con la instalaci\u00f3n de estos dispositivos inteligentes se mejorar\u00e1 en cuanto al control de acceso as\u00ed para inhibir cualquier indicio de inseguridad en los alrededores de las instalaciones de la instituci\u00f3n.<\/p>\n","protected":false},"excerpt":{"rendered":"<p>03 de octubre de 2023. G\u00f3mez Palacio, Durango (OEM).- El Instituto 18 de Marzo puso en marcha un dispositivo digital en que se lograr\u00e1 tener un control de acceso de los m\u00e1s de 2 mil estudiantes as\u00ed como el hecho de monitorear el aprovechamiento acad\u00e9mico de cada estudiante. Adem\u00e1s, dicho dispositivo estar\u00e1 vinculado a los&#8230;<\/p>\n","protected":false},"author":1,"featured_media":1184,"comment_status":"open","ping_status":"open","sticky":false,"template":"","format":"standard","meta":{"footnotes":""},"categories":[12],"tags":[],"class_list":["post-1183","post","type-post","status-publish","format-standard","has-post-thumbnail","hentry","category-gomez-palacio"],"_links":{"self":[{"href":"https:\/\/lagumex.mx\/index\/wp-json\/wp\/v2\/posts\/1183","targetHints":{"allow":["GET"]}}],"collection":[{"href":"https:\/\/lagumex.mx\/index\/wp-json\/wp\/v2\/posts"}],"about":[{"href":"https:\/\/lagumex.mx\/index\/wp-json\/wp\/v2\/types\/post"}],"author":[{"embeddable":true,"href":"https:\/\/lagumex.mx\/index\/wp-json\/wp\/v2\/users\/1"}],"replies":[{"embeddable":true,"href":"https:\/\/lagumex.mx\/index\/wp-json\/wp\/v2\/comments?post=1183"}],"version-history":[{"count":1,"href":"https:\/\/lagumex.mx\/index\/wp-json\/wp\/v2\/posts\/1183\/revisions"}],"predecessor-version":[{"id":1185,"href":"https:\/\/lagumex.mx\/index\/wp-json\/wp\/v2\/posts\/1183\/revisions\/1185"}],"wp:featuredmedia":[{"embeddable":true,"href":"https:\/\/lagumex.mx\/index\/wp-json\/wp\/v2\/media\/1184"}],"wp:attachment":[{"href":"https:\/\/lagumex.mx\/index\/wp-json\/wp\/v2\/media?parent=1183"}],"wp:term":[{"taxonomy":"category","embeddable":true,"href":"https:\/\/lagumex.mx\/index\/wp-json\/wp\/v2\/categories?post=1183"},{"taxonomy":"post_tag","embeddable":true,"href":"https:\/\/lagumex.mx\/index\/wp-json\/wp\/v2\/tags?post=1183"}],"curies":[{"name":"wp","href":"https:\/\/api.w.org\/{rel}","templated":true}]}}