{"id":1178,"date":"2023-09-26T05:03:00","date_gmt":"2023-09-26T05:03:00","guid":{"rendered":"http:\/\/lagumex.mx\/index\/?p=1178"},"modified":"2023-10-03T17:04:21","modified_gmt":"2023-10-03T17:04:21","slug":"programa-mini-guardianes-de-la-prevencion-visita-preescolar-lerdo-de-tejada","status":"publish","type":"post","link":"https:\/\/lagumex.mx\/index\/lerdo\/programa-mini-guardianes-de-la-prevencion-visita-preescolar-lerdo-de-tejada\/","title":{"rendered":"Programa \u2018Mini Guardianes de la Prevenci\u00f3n\u2019 visita preescolar \u2018Lerdo de Tejada\u2019"},"content":{"rendered":"\n<p>26 de septiembre de 2023. La Coordinaci\u00f3n de Protecci\u00f3n Civil y Bomberos, por indicaciones del Alcalde Homero Mart\u00ednez, contin\u00faa impulsando el programa \u00abMini Guardianes de la Prevenci\u00f3n\u00bb en instituciones educativas de preescolar y primaria. Es el Jard\u00edn de Ni\u00f1os Sebasti\u00e1n Lerdo de Tejada, el sexto plantel en unirse a este proyecto durante la segunda etapa.<\/p>\n\n\n\n<p>Al respecto, Isabel Mac\u00edas Sifuentes, Coordinadora de Protecci\u00f3n Civil y Bomberos en Lerdo, destac\u00f3 que este programa tiene como objetivo fundamental sensibilizar a los ni\u00f1os acerca de las acciones preventivas y reactivas que deben tomar en caso de encontrarse en una situaci\u00f3n de emergencia. Y expres\u00f3 su agradecimiento a la directora Laura Asunci\u00f3n Luna, del preescolar antes mencionado, por su colaboraci\u00f3n. Durante esta segunda fase, se tiene previsto visitar m\u00e1s de 80 centros educativos de nivel preescolar en el municipio, as\u00ed como atender a primarias del nivel vespertino. En cada visita, se proporcionar\u00e1 una capacitaci\u00f3n adecuada a la edad y nivel de comprensi\u00f3n de los ni\u00f1os, centrada en la implementaci\u00f3n de medidas de seguridad, el uso correcto del n\u00famero de emergencia 911, y la importancia de evitar actividades riesgosas en el hogar, como parte de las medidas de prevenci\u00f3n.<\/p>\n","protected":false},"excerpt":{"rendered":"<p>26 de septiembre de 2023. La Coordinaci\u00f3n de Protecci\u00f3n Civil y Bomberos, por indicaciones del Alcalde Homero Mart\u00ednez, contin\u00faa impulsando el programa \u00abMini Guardianes de la Prevenci\u00f3n\u00bb en instituciones educativas de preescolar y primaria. Es el Jard\u00edn de Ni\u00f1os Sebasti\u00e1n Lerdo de Tejada, el sexto plantel en unirse a este proyecto durante la segunda etapa&#8230;.<\/p>\n","protected":false},"author":1,"featured_media":0,"comment_status":"open","ping_status":"open","sticky":false,"template":"","format":"standard","meta":{"footnotes":""},"categories":[3],"tags":[],"class_list":["post-1178","post","type-post","status-publish","format-standard","hentry","category-lerdo"],"_links":{"self":[{"href":"https:\/\/lagumex.mx\/index\/wp-json\/wp\/v2\/posts\/1178","targetHints":{"allow":["GET"]}}],"collection":[{"href":"https:\/\/lagumex.mx\/index\/wp-json\/wp\/v2\/posts"}],"about":[{"href":"https:\/\/lagumex.mx\/index\/wp-json\/wp\/v2\/types\/post"}],"author":[{"embeddable":true,"href":"https:\/\/lagumex.mx\/index\/wp-json\/wp\/v2\/users\/1"}],"replies":[{"embeddable":true,"href":"https:\/\/lagumex.mx\/index\/wp-json\/wp\/v2\/comments?post=1178"}],"version-history":[{"count":1,"href":"https:\/\/lagumex.mx\/index\/wp-json\/wp\/v2\/posts\/1178\/revisions"}],"predecessor-version":[{"id":1179,"href":"https:\/\/lagumex.mx\/index\/wp-json\/wp\/v2\/posts\/1178\/revisions\/1179"}],"wp:attachment":[{"href":"https:\/\/lagumex.mx\/index\/wp-json\/wp\/v2\/media?parent=1178"}],"wp:term":[{"taxonomy":"category","embeddable":true,"href":"https:\/\/lagumex.mx\/index\/wp-json\/wp\/v2\/categories?post=1178"},{"taxonomy":"post_tag","embeddable":true,"href":"https:\/\/lagumex.mx\/index\/wp-json\/wp\/v2\/tags?post=1178"}],"curies":[{"name":"wp","href":"https:\/\/api.w.org\/{rel}","templated":true}]}}