{"id":1175,"date":"2023-09-30T05:01:00","date_gmt":"2023-09-30T05:01:00","guid":{"rendered":"http:\/\/lagumex.mx\/index\/?p=1175"},"modified":"2023-10-03T17:03:26","modified_gmt":"2023-10-03T17:03:26","slug":"presentan-actividades-por-el-mes-del-desierto-chihuahuense","status":"publish","type":"post","link":"https:\/\/lagumex.mx\/index\/lerdo\/presentan-actividades-por-el-mes-del-desierto-chihuahuense\/","title":{"rendered":"Presentan actividades por el mes del Desierto Chihuahuense"},"content":{"rendered":"\n<p>30 de septiembre de 2023. El\u00a0<strong>director de Ecolog\u00eda y Medio Ambiente, Ricardo D\u00edaz Segovia<\/strong>\u00a0dio a conocer las\u00a0<strong>actividades que se realizar\u00e1n en el municipio de Lerdo<\/strong>, en octubre por el\u00a0<strong>Mes del Desierto Chihuahuense.<\/strong><\/p>\n\n\n\n<p>Iniciando este\u00a0<strong>lunes 2 de octubre\u00a0<\/strong>con la\u00a0<strong>exposici\u00f3n de Dibujos Ganadores de a\u00f1os pasados a lo largo de las 23 ediciones\u00a0<\/strong>del concurso infantil, representativos de este importante ecosistema, en la explanada de la Presidencia Municipal a partir de las 9:00 de la ma\u00f1ana. Por lo que invit\u00f3 a la ciudadan\u00eda para acercarse y conocer m\u00e1s sobre el desierto m\u00e1s grande en Norteam\u00e9rica y el segundo con mayor diversidad a nivel mundial. <\/p>\n\n\n\n<p>Durante todo el mes, se desarrollar\u00e1n&nbsp;<strong>talleres y conferencias dirigidas a los alumnos de los niveles preescolar, primaria, secundaria y bachillerato<\/strong>, con los temas Qu\u00e9 es el Desierto Chihuahuense, Cuidado del Medio Ambiente, Energ\u00edas Renovables, Contaminaci\u00f3n del agua, aire y suelo.<\/p>\n\n\n\n<p>Por la ma\u00f1ana de los d\u00edas mi\u00e9rcoles 18 y viernes 20, el&nbsp;<strong>Teatro Hermila Galindo ser\u00e1 sede de las charlas \u201cEl Pl\u00e1stico en el Medio Ambiente: Impacto y Beneficio\u201d<\/strong>, \u201cContaminaci\u00f3n del Agua\u201d, respectivamente. Y por la tarde del viernes se realizar\u00e1 una degustaci\u00f3n de productos elaborados con harina de mezquite.<\/p>\n\n\n\n<p>Adem\u00e1s,&nbsp;<strong>a partir del primero de octubre<\/strong>, dar\u00e1 inicio el<strong>&nbsp;XXIV Concurso de Dibujo Infantil<\/strong>, el director de Medio Ambiente invita a los ni\u00f1os para estar al pendiente de las redes sociales del municipio, donde se compartir\u00e1n las bases para poder participar y ganar incre\u00edbles premios.<\/p>\n","protected":false},"excerpt":{"rendered":"<p>30 de septiembre de 2023. El\u00a0director de Ecolog\u00eda y Medio Ambiente, Ricardo D\u00edaz Segovia\u00a0dio a conocer las\u00a0actividades que se realizar\u00e1n en el municipio de Lerdo, en octubre por el\u00a0Mes del Desierto Chihuahuense. Iniciando este\u00a0lunes 2 de octubre\u00a0con la\u00a0exposici\u00f3n de Dibujos Ganadores de a\u00f1os pasados a lo largo de las 23 ediciones\u00a0del concurso infantil, representativos de&#8230;<\/p>\n","protected":false},"author":1,"featured_media":1176,"comment_status":"open","ping_status":"open","sticky":false,"template":"","format":"standard","meta":{"footnotes":""},"categories":[3],"tags":[],"class_list":["post-1175","post","type-post","status-publish","format-standard","has-post-thumbnail","hentry","category-lerdo"],"_links":{"self":[{"href":"https:\/\/lagumex.mx\/index\/wp-json\/wp\/v2\/posts\/1175","targetHints":{"allow":["GET"]}}],"collection":[{"href":"https:\/\/lagumex.mx\/index\/wp-json\/wp\/v2\/posts"}],"about":[{"href":"https:\/\/lagumex.mx\/index\/wp-json\/wp\/v2\/types\/post"}],"author":[{"embeddable":true,"href":"https:\/\/lagumex.mx\/index\/wp-json\/wp\/v2\/users\/1"}],"replies":[{"embeddable":true,"href":"https:\/\/lagumex.mx\/index\/wp-json\/wp\/v2\/comments?post=1175"}],"version-history":[{"count":1,"href":"https:\/\/lagumex.mx\/index\/wp-json\/wp\/v2\/posts\/1175\/revisions"}],"predecessor-version":[{"id":1177,"href":"https:\/\/lagumex.mx\/index\/wp-json\/wp\/v2\/posts\/1175\/revisions\/1177"}],"wp:featuredmedia":[{"embeddable":true,"href":"https:\/\/lagumex.mx\/index\/wp-json\/wp\/v2\/media\/1176"}],"wp:attachment":[{"href":"https:\/\/lagumex.mx\/index\/wp-json\/wp\/v2\/media?parent=1175"}],"wp:term":[{"taxonomy":"category","embeddable":true,"href":"https:\/\/lagumex.mx\/index\/wp-json\/wp\/v2\/categories?post=1175"},{"taxonomy":"post_tag","embeddable":true,"href":"https:\/\/lagumex.mx\/index\/wp-json\/wp\/v2\/tags?post=1175"}],"curies":[{"name":"wp","href":"https:\/\/api.w.org\/{rel}","templated":true}]}}