{"id":1172,"date":"2023-09-29T04:59:00","date_gmt":"2023-09-29T04:59:00","guid":{"rendered":"http:\/\/lagumex.mx\/index\/?p=1172"},"modified":"2023-10-03T17:20:18","modified_gmt":"2023-10-03T17:20:18","slug":"participa-homero-martinez-al-dialogo-estatal-un-futuro-compartido","status":"publish","type":"post","link":"https:\/\/lagumex.mx\/index\/lerdo\/participa-homero-martinez-al-dialogo-estatal-un-futuro-compartido\/","title":{"rendered":"Participa Homero Mart\u00ednez al di\u00e1logo estatal \u2018Un futuro compartido\u2019"},"content":{"rendered":"\n<p>29 de septiembre de 2023.Este jueves, el Alcalde de Ciudad Lerdo, Homero Mart\u00ednez, particip\u00f3 en el evento \u00abMesas de Di\u00e1logo. Un Futuro Compartido\u00bb organizado por la Secretar\u00eda General de Gobierno a trav\u00e9s de la direcci\u00f3n de Atenci\u00f3n y Protecci\u00f3n al Migrante. El evento cont\u00f3 con la presencia del Secretario de Gobierno, H\u00e9ctor Vela Valenzuela.<\/p>\n\n\n\n<p>En su participaci\u00f3n, el edil coment\u00f3 que Lerdo representa el tercer municipio m\u00e1s grande del estado de Durango y forma parte de la zona metropolitana de La Laguna, ofreciendo un amplio potencial de desarrollo. Adem\u00e1s, dijo que gracias a la visi\u00f3n del Gobernador del Estado, Esteban Villegas, se anticipa que los proyectos estrat\u00e9gicos abordados en este evento generen resultados positivos para Durango. El evento se llev\u00f3 a cabo en el Centro Cultural y de Convenciones Bicentenario, en la capital del estado, donde se discutieron temas de inversi\u00f3n y Desarrollo Econ\u00f3mico Bilateral, as\u00ed como Derechos Humanos y Pol\u00edticas Migratorias.<\/p>\n","protected":false},"excerpt":{"rendered":"<p>29 de septiembre de 2023.Este jueves, el Alcalde de Ciudad Lerdo, Homero Mart\u00ednez, particip\u00f3 en el evento \u00abMesas de Di\u00e1logo. Un Futuro Compartido\u00bb organizado por la Secretar\u00eda General de Gobierno a trav\u00e9s de la direcci\u00f3n de Atenci\u00f3n y Protecci\u00f3n al Migrante. El evento cont\u00f3 con la presencia del Secretario de Gobierno, H\u00e9ctor Vela Valenzuela. En&#8230;<\/p>\n","protected":false},"author":1,"featured_media":1173,"comment_status":"open","ping_status":"open","sticky":false,"template":"","format":"standard","meta":{"footnotes":""},"categories":[3],"tags":[],"class_list":["post-1172","post","type-post","status-publish","format-standard","has-post-thumbnail","hentry","category-lerdo"],"_links":{"self":[{"href":"https:\/\/lagumex.mx\/index\/wp-json\/wp\/v2\/posts\/1172","targetHints":{"allow":["GET"]}}],"collection":[{"href":"https:\/\/lagumex.mx\/index\/wp-json\/wp\/v2\/posts"}],"about":[{"href":"https:\/\/lagumex.mx\/index\/wp-json\/wp\/v2\/types\/post"}],"author":[{"embeddable":true,"href":"https:\/\/lagumex.mx\/index\/wp-json\/wp\/v2\/users\/1"}],"replies":[{"embeddable":true,"href":"https:\/\/lagumex.mx\/index\/wp-json\/wp\/v2\/comments?post=1172"}],"version-history":[{"count":2,"href":"https:\/\/lagumex.mx\/index\/wp-json\/wp\/v2\/posts\/1172\/revisions"}],"predecessor-version":[{"id":1202,"href":"https:\/\/lagumex.mx\/index\/wp-json\/wp\/v2\/posts\/1172\/revisions\/1202"}],"wp:featuredmedia":[{"embeddable":true,"href":"https:\/\/lagumex.mx\/index\/wp-json\/wp\/v2\/media\/1173"}],"wp:attachment":[{"href":"https:\/\/lagumex.mx\/index\/wp-json\/wp\/v2\/media?parent=1172"}],"wp:term":[{"taxonomy":"category","embeddable":true,"href":"https:\/\/lagumex.mx\/index\/wp-json\/wp\/v2\/categories?post=1172"},{"taxonomy":"post_tag","embeddable":true,"href":"https:\/\/lagumex.mx\/index\/wp-json\/wp\/v2\/tags?post=1172"}],"curies":[{"name":"wp","href":"https:\/\/api.w.org\/{rel}","templated":true}]}}