{"id":1170,"date":"2023-09-28T04:58:00","date_gmt":"2023-09-28T04:58:00","guid":{"rendered":"http:\/\/lagumex.mx\/index\/?p=1170"},"modified":"2023-10-03T16:59:48","modified_gmt":"2023-10-03T16:59:48","slug":"dan-arranque-a-la-colecta-del-teleton-2023-en-lerdo","status":"publish","type":"post","link":"https:\/\/lagumex.mx\/index\/lerdo\/dan-arranque-a-la-colecta-del-teleton-2023-en-lerdo\/","title":{"rendered":"Dan arranque a la colecta del Telet\u00f3n 2023 en Lerdo"},"content":{"rendered":"\n<p>28 de septiembre de 2023.Frente a la Presidencia Municipal la diputada y presidenta honoraria del DIF Susy Torrecillas, el Director General del Centro de Rehabilitaci\u00f3n e Inclusi\u00f3n Infantil Telet\u00f3n (CRIT), Gabriel L\u00f3pez Ortega, y la titular de DIF Lerdo Ivonne Guti\u00e9rrez, aportaron el primer donativo para as\u00ed dar arranque al Boteo Telet\u00f3n en el Paseo Sarabia en este municipio de Lerdo.<\/p>\n\n\n\n<p>La diputada local comparti\u00f3 que el CRIT de la Laguna atiende a m\u00e1s de mil familias al a\u00f1o, de las cuales, alrededor de cien son lerdenses. <\/p>\n\n\n\n<p>Agradeci\u00f3 el esfuerzo del voluntariado del DIF, pues se\u00f1al\u00f3 que brindan una atenci\u00f3n de calidad a las personas con discapacidad a trav\u00e9s de la Unidad B\u00e1sica de Rehabilitaci\u00f3n (UBR), no obstante, gracias al v\u00ednculo que se mantiene con el director general del CRIT, las consultas se optimizan por medio de la canalizaci\u00f3n de familias al centro de rehabilitaci\u00f3n.<\/p>\n\n\n\n<p>Por su parte, el Director General del CRIT, Gabriel L\u00f3pez Ortega Magallanes, comparti\u00f3 que esta es la edici\u00f3n n\u00famero 26 de la colecta Telet\u00f3n, pretendiendo rebasar la meta de 410 millones de pesos, que fue lo que se recaud\u00f3 el a\u00f1o pasado. El monto total obtenido ser\u00e1 utilizado para beneficio de los ni\u00f1os, ni\u00f1as y j\u00f3venes del Telet\u00f3n que se atienden en los diferentes centros.<\/p>\n","protected":false},"excerpt":{"rendered":"<p>28 de septiembre de 2023.Frente a la Presidencia Municipal la diputada y presidenta honoraria del DIF Susy Torrecillas, el Director General del Centro de Rehabilitaci\u00f3n e Inclusi\u00f3n Infantil Telet\u00f3n (CRIT), Gabriel L\u00f3pez Ortega, y la titular de DIF Lerdo Ivonne Guti\u00e9rrez, aportaron el primer donativo para as\u00ed dar arranque al Boteo Telet\u00f3n en el Paseo&#8230;<\/p>\n","protected":false},"author":1,"featured_media":0,"comment_status":"open","ping_status":"open","sticky":false,"template":"","format":"standard","meta":{"footnotes":""},"categories":[3],"tags":[],"class_list":["post-1170","post","type-post","status-publish","format-standard","hentry","category-lerdo"],"_links":{"self":[{"href":"https:\/\/lagumex.mx\/index\/wp-json\/wp\/v2\/posts\/1170","targetHints":{"allow":["GET"]}}],"collection":[{"href":"https:\/\/lagumex.mx\/index\/wp-json\/wp\/v2\/posts"}],"about":[{"href":"https:\/\/lagumex.mx\/index\/wp-json\/wp\/v2\/types\/post"}],"author":[{"embeddable":true,"href":"https:\/\/lagumex.mx\/index\/wp-json\/wp\/v2\/users\/1"}],"replies":[{"embeddable":true,"href":"https:\/\/lagumex.mx\/index\/wp-json\/wp\/v2\/comments?post=1170"}],"version-history":[{"count":1,"href":"https:\/\/lagumex.mx\/index\/wp-json\/wp\/v2\/posts\/1170\/revisions"}],"predecessor-version":[{"id":1171,"href":"https:\/\/lagumex.mx\/index\/wp-json\/wp\/v2\/posts\/1170\/revisions\/1171"}],"wp:attachment":[{"href":"https:\/\/lagumex.mx\/index\/wp-json\/wp\/v2\/media?parent=1170"}],"wp:term":[{"taxonomy":"category","embeddable":true,"href":"https:\/\/lagumex.mx\/index\/wp-json\/wp\/v2\/categories?post=1170"},{"taxonomy":"post_tag","embeddable":true,"href":"https:\/\/lagumex.mx\/index\/wp-json\/wp\/v2\/tags?post=1170"}],"curies":[{"name":"wp","href":"https:\/\/api.w.org\/{rel}","templated":true}]}}