{"id":1164,"date":"2023-10-01T04:54:00","date_gmt":"2023-10-01T04:54:00","guid":{"rendered":"http:\/\/lagumex.mx\/index\/?p=1164"},"modified":"2023-10-03T16:55:13","modified_gmt":"2023-10-03T16:55:13","slug":"policia-de-viesca-coahuila-se-capacita-sobre-violencia-contra-las-mujeres","status":"publish","type":"post","link":"https:\/\/lagumex.mx\/index\/uncategorized\/uac\/uac-uac\/coahuila-coahuila\/policia-de-viesca-coahuila-se-capacita-sobre-violencia-contra-las-mujeres\/","title":{"rendered":"POLIC\u00cdA DE VIESCA, COAHUILA, SE CAPACITA SOBRE VIOLENCIA CONTRA LAS MUJERES"},"content":{"rendered":"\n<p>Viesca, Coahuila de Zaragoza; a 1 de Octubre de 2023.- El Estado de Coahuila contin\u00faa con la implementaci\u00f3n de estrategias para garantizar a las mujeres el acceso a sus derechos y a una vida libre de violencia.<\/p>\n\n\n\n<p>Katy Salinas P\u00e9rez, titular del Instituto Coahuilense de las Mujeres (ICM), mencion\u00f3 que como parte de las acciones del ICM, se encuentra la capacitaci\u00f3n continua y permanente tanto a la ciudadan\u00eda como a servidoras y servidores p\u00fablicos.<\/p>\n\n\n\n<p>En tal sentido, se efectu\u00f3 un taller dirigido a las y los polic\u00edas de Viesca sobre el tema \u201cMovilidad de las mujeres y atenci\u00f3n de primer contacto en caso de agresiones en transporte p\u00fablico\u201d, cuyo objetivo fue fortalecer las capacidades de los cuerpos de seguridad, brindando conocimientos, herramientas, habilidades y actitudes, para actuar como primeros respondientes ante casos de violencia contra las mujeres.<\/p>\n\n\n\n<p>\u201cDesde el inicio de esta Administraci\u00f3n, que encabeza Miguel \u00c1ngel Riquelme Sol\u00eds, hemos capacitado continuamente a las y los polic\u00edas en temas de g\u00e9nero, con el prop\u00f3sito de contar con elementos que brinden atenci\u00f3n especializada de primer contacto a mujeres en situaci\u00f3n de violencia, para evitar la revictimizaci\u00f3n\u201d, se\u00f1al\u00f3.<\/p>\n\n\n\n<p>Adem\u00e1s, resalt\u00f3 que se continuar\u00e1 brindando capacitaciones con el fin de tener una cobertura para todas las polic\u00edas de los municipios de la entidad.&nbsp;&nbsp;<\/p>\n","protected":false},"excerpt":{"rendered":"<p>Viesca, Coahuila de Zaragoza; a 1 de Octubre de 2023.- El Estado de Coahuila contin\u00faa con la implementaci\u00f3n de estrategias para garantizar a las mujeres el acceso a sus derechos y a una vida libre de violencia. Katy Salinas P\u00e9rez, titular del Instituto Coahuilense de las Mujeres (ICM), mencion\u00f3 que como parte de las acciones&#8230;<\/p>\n","protected":false},"author":1,"featured_media":1165,"comment_status":"open","ping_status":"open","sticky":false,"template":"","format":"standard","meta":{"footnotes":""},"categories":[2],"tags":[],"class_list":["post-1164","post","type-post","status-publish","format-standard","has-post-thumbnail","hentry","category-coahuila-coahuila"],"_links":{"self":[{"href":"https:\/\/lagumex.mx\/index\/wp-json\/wp\/v2\/posts\/1164","targetHints":{"allow":["GET"]}}],"collection":[{"href":"https:\/\/lagumex.mx\/index\/wp-json\/wp\/v2\/posts"}],"about":[{"href":"https:\/\/lagumex.mx\/index\/wp-json\/wp\/v2\/types\/post"}],"author":[{"embeddable":true,"href":"https:\/\/lagumex.mx\/index\/wp-json\/wp\/v2\/users\/1"}],"replies":[{"embeddable":true,"href":"https:\/\/lagumex.mx\/index\/wp-json\/wp\/v2\/comments?post=1164"}],"version-history":[{"count":1,"href":"https:\/\/lagumex.mx\/index\/wp-json\/wp\/v2\/posts\/1164\/revisions"}],"predecessor-version":[{"id":1166,"href":"https:\/\/lagumex.mx\/index\/wp-json\/wp\/v2\/posts\/1164\/revisions\/1166"}],"wp:featuredmedia":[{"embeddable":true,"href":"https:\/\/lagumex.mx\/index\/wp-json\/wp\/v2\/media\/1165"}],"wp:attachment":[{"href":"https:\/\/lagumex.mx\/index\/wp-json\/wp\/v2\/media?parent=1164"}],"wp:term":[{"taxonomy":"category","embeddable":true,"href":"https:\/\/lagumex.mx\/index\/wp-json\/wp\/v2\/categories?post=1164"},{"taxonomy":"post_tag","embeddable":true,"href":"https:\/\/lagumex.mx\/index\/wp-json\/wp\/v2\/tags?post=1164"}],"curies":[{"name":"wp","href":"https:\/\/api.w.org\/{rel}","templated":true}]}}