{"id":1155,"date":"2023-09-30T16:50:13","date_gmt":"2023-09-30T16:50:13","guid":{"rendered":"http:\/\/lagumex.mx\/index\/?p=1155"},"modified":"2023-10-03T16:51:59","modified_gmt":"2023-10-03T16:51:59","slug":"gira-de-esteban-por-eu-tambien-arrojo-apoyo-de-especialistas-a-durango-en-prevencion-de-suicidio","status":"publish","type":"post","link":"https:\/\/lagumex.mx\/index\/durango\/gira-de-esteban-por-eu-tambien-arrojo-apoyo-de-especialistas-a-durango-en-prevencion-de-suicidio\/","title":{"rendered":"Gira de Esteban por EU, tambi\u00e9n arroj\u00f3 apoyo de especialistas a Durango en prevenci\u00f3n de suicidio"},"content":{"rendered":"\n<ul class=\"wp-block-list\">\n<li>Reconoce m\u00e9dico argentino Facundo Manes, del Instituto de Neurociencias, que gobernador de Durango busca atender de frente esta problem\u00e1tica.<\/li>\n<\/ul>\n\n\n\n<p>30 de septiembre de 2023.Como otro de los resultados de su segunda gira de trabajo internacional, el gobernador Esteban Villegas Villarreal dio a conocer que en menos de un mes, Durango contar\u00e1 con el apoyo de un especialista en prevenci\u00f3n de suicidio y enfermedades de salud mental, para participar en un simposium entre expertos para hacer un diagn\u00f3stico y valorar c\u00f3mo abordar estos temas relevantes a nivel mundial.<\/p>\n\n\n\n<p>El mandatario duranguenses detall\u00f3 que luego de participar en la Cumbre de Concordia en Nueva York, donde comparti\u00f3 experiencias y resultados en materia de salud junto a expertos y representantes internacionales de este sector, tambi\u00e9n, tuvo la oportunidad de platicar con el doctor Facundo Manes del Instituto de Neurociencias, especialista en el estudio de la soledad en Estados Unidos, con quien acord\u00f3 la realizaci\u00f3n de una futura conferencia para el an\u00e1lisis de problem\u00e1ticas sociales como el suicidio.<\/p>\n\n\n\n<p>Durante la pl\u00e1tica, informo el Mandatario, el m\u00e9dico argentino acept\u00f3 acordar con \u00e9l una serie de acciones porque la salud mental est\u00e1 en todo el mundo, con un tema del suicidio que va en aumento, adem\u00e1s que fue el \u00fanico gobernador que busca enfrentar la problem\u00e1tica de salud mental, por lo que adelant\u00f3 que esta primera intervenci\u00f3n ser\u00e1 especialmente para medios de comunicaci\u00f3n duranguenses, a quienes se les explicar\u00e1 c\u00f3mo tratar este tipo de temas sin lastimar a las personas involucradas.<\/p>\n","protected":false},"excerpt":{"rendered":"<p>30 de septiembre de 2023.Como otro de los resultados de su segunda gira de trabajo internacional, el gobernador Esteban Villegas Villarreal dio a conocer que en menos de un mes, Durango contar\u00e1 con el apoyo de un especialista en prevenci\u00f3n de suicidio y enfermedades de salud mental, para participar en un simposium entre expertos para&#8230;<\/p>\n","protected":false},"author":1,"featured_media":1156,"comment_status":"open","ping_status":"open","sticky":false,"template":"","format":"standard","meta":{"footnotes":""},"categories":[1],"tags":[],"class_list":["post-1155","post","type-post","status-publish","format-standard","has-post-thumbnail","hentry","category-durango"],"_links":{"self":[{"href":"https:\/\/lagumex.mx\/index\/wp-json\/wp\/v2\/posts\/1155","targetHints":{"allow":["GET"]}}],"collection":[{"href":"https:\/\/lagumex.mx\/index\/wp-json\/wp\/v2\/posts"}],"about":[{"href":"https:\/\/lagumex.mx\/index\/wp-json\/wp\/v2\/types\/post"}],"author":[{"embeddable":true,"href":"https:\/\/lagumex.mx\/index\/wp-json\/wp\/v2\/users\/1"}],"replies":[{"embeddable":true,"href":"https:\/\/lagumex.mx\/index\/wp-json\/wp\/v2\/comments?post=1155"}],"version-history":[{"count":1,"href":"https:\/\/lagumex.mx\/index\/wp-json\/wp\/v2\/posts\/1155\/revisions"}],"predecessor-version":[{"id":1157,"href":"https:\/\/lagumex.mx\/index\/wp-json\/wp\/v2\/posts\/1155\/revisions\/1157"}],"wp:featuredmedia":[{"embeddable":true,"href":"https:\/\/lagumex.mx\/index\/wp-json\/wp\/v2\/media\/1156"}],"wp:attachment":[{"href":"https:\/\/lagumex.mx\/index\/wp-json\/wp\/v2\/media?parent=1155"}],"wp:term":[{"taxonomy":"category","embeddable":true,"href":"https:\/\/lagumex.mx\/index\/wp-json\/wp\/v2\/categories?post=1155"},{"taxonomy":"post_tag","embeddable":true,"href":"https:\/\/lagumex.mx\/index\/wp-json\/wp\/v2\/tags?post=1155"}],"curies":[{"name":"wp","href":"https:\/\/api.w.org\/{rel}","templated":true}]}}