{"id":1132,"date":"2023-09-23T05:57:00","date_gmt":"2023-09-23T05:57:00","guid":{"rendered":"http:\/\/lagumex.mx\/index\/?p=1132"},"modified":"2023-09-25T18:00:23","modified_gmt":"2023-09-25T18:00:23","slug":"recupera-gobierno-de-esteban-camino-principal-al-poblado-5-de-mayo-practicamente-fue-reconstruido","status":"publish","type":"post","link":"https:\/\/lagumex.mx\/index\/durango\/recupera-gobierno-de-esteban-camino-principal-al-poblado-5-de-mayo-practicamente-fue-reconstruido\/","title":{"rendered":"Recupera Gobierno de Esteban camino principal al poblado 5 de mayo; pr\u00e1cticamente fue reconstruido"},"content":{"rendered":"\n<h2 class=\"wp-block-heading\">Rehabilitaci\u00f3n de esta vialidad tiene una inversi\u00f3n de 5 mdp y beneficia&nbsp; a 7 mil duranguenses de cinco diferentes poblados.<\/h2>\n\n\n\n<p>23 de septiembre de 2023. Ante la sentida queja de los habitantes del poblado 5 de Mayo para recuperar el buen estado del camino principal, el gobierno del Esteban Villegas a trav\u00e9s de la Secretar\u00eda de Comunicaciones y Obras P\u00fablicas del Estado (SECOPE), que encabeza Ana Rosa Hern\u00e1ndez, se dio a la tarea de hacer el estudio correspondiente y poner manos a la obra, para que las familias de esta zona cuenten con un acceso digno y seguro.<\/p>\n\n\n\n<p>\u201cEn el camino al poblado 5 de Mayo estamos trabajando en el recarpeteo, en todo lo que es la mejora de la vialidad, la cual, no hab\u00eda sido atendida desde que se form\u00f3 ese tramo carretero\u201d, detall\u00f3 la Secretaria&nbsp; al supervisar esta obra, que es de gran importancia por ser el paso a la carretera libre a G\u00f3mez Palacio, adem\u00e1s de que beneficiar\u00e1 directamente a siete mil personas de dicho poblado y comunidades aleda\u00f1as como Calera, Labor de Guadalupe y la Colonia Hidalgo, esto con una inversi\u00f3n de cinco millones de pesos.<\/p>\n\n\n\n<p>Luego de que vecinos de 5 de Mayo encabezados por la presidenta de la Junta Municipal, Silvia Soria, acudieran a las oficinas de SECOPE para exponer el deterioro del camino, mismo que tambi\u00e9n funge como entrada principal al mismo poblado, la titular de SECOPE, Ana Rosa Hern\u00e1ndez Renter\u00eda, acompa\u00f1ada por el subsecretario de Infraestructura Carretera, Felipe Cortez Arag\u00f3n, y el director de Planeaci\u00f3n y Evaluaci\u00f3n de Obra, Hermenegildo Ramos Bol\u00edvar, atendieron de inmediato esta solicitud, pues la prioridad del Gobierno Estatal es que se cuente con caminos fluidos y seguros para quienes los transitan diariamente.<\/p>\n","protected":false},"excerpt":{"rendered":"<p>Rehabilitaci\u00f3n de esta vialidad tiene una inversi\u00f3n de 5 mdp y beneficia&nbsp; a 7 mil duranguenses de cinco diferentes poblados. 23 de septiembre de 2023. Ante la sentida queja de los habitantes del poblado 5 de Mayo para recuperar el buen estado del camino principal, el gobierno del Esteban Villegas a trav\u00e9s de la Secretar\u00eda&#8230;<\/p>\n","protected":false},"author":1,"featured_media":1133,"comment_status":"open","ping_status":"open","sticky":false,"template":"","format":"standard","meta":{"footnotes":""},"categories":[1],"tags":[],"class_list":["post-1132","post","type-post","status-publish","format-standard","has-post-thumbnail","hentry","category-durango"],"_links":{"self":[{"href":"https:\/\/lagumex.mx\/index\/wp-json\/wp\/v2\/posts\/1132","targetHints":{"allow":["GET"]}}],"collection":[{"href":"https:\/\/lagumex.mx\/index\/wp-json\/wp\/v2\/posts"}],"about":[{"href":"https:\/\/lagumex.mx\/index\/wp-json\/wp\/v2\/types\/post"}],"author":[{"embeddable":true,"href":"https:\/\/lagumex.mx\/index\/wp-json\/wp\/v2\/users\/1"}],"replies":[{"embeddable":true,"href":"https:\/\/lagumex.mx\/index\/wp-json\/wp\/v2\/comments?post=1132"}],"version-history":[{"count":1,"href":"https:\/\/lagumex.mx\/index\/wp-json\/wp\/v2\/posts\/1132\/revisions"}],"predecessor-version":[{"id":1134,"href":"https:\/\/lagumex.mx\/index\/wp-json\/wp\/v2\/posts\/1132\/revisions\/1134"}],"wp:featuredmedia":[{"embeddable":true,"href":"https:\/\/lagumex.mx\/index\/wp-json\/wp\/v2\/media\/1133"}],"wp:attachment":[{"href":"https:\/\/lagumex.mx\/index\/wp-json\/wp\/v2\/media?parent=1132"}],"wp:term":[{"taxonomy":"category","embeddable":true,"href":"https:\/\/lagumex.mx\/index\/wp-json\/wp\/v2\/categories?post=1132"},{"taxonomy":"post_tag","embeddable":true,"href":"https:\/\/lagumex.mx\/index\/wp-json\/wp\/v2\/tags?post=1132"}],"curies":[{"name":"wp","href":"https:\/\/api.w.org\/{rel}","templated":true}]}}