{"id":1126,"date":"2023-09-23T05:54:00","date_gmt":"2023-09-23T05:54:00","guid":{"rendered":"http:\/\/lagumex.mx\/index\/?p=1126"},"modified":"2023-09-25T17:54:59","modified_gmt":"2023-09-25T17:54:59","slug":"instituto-coahuilense-de-las-mujeres-brinda-taller-a-policia-en-piedras-negras","status":"publish","type":"post","link":"https:\/\/lagumex.mx\/index\/uncategorized\/uac\/uac-uac\/coahuila-coahuila\/instituto-coahuilense-de-las-mujeres-brinda-taller-a-policia-en-piedras-negras\/","title":{"rendered":"INSTITUTO COAHUILENSE DE LAS MUJERES BRINDA TALLER A POLIC\u00cdA EN PIEDRAS NEGRAS"},"content":{"rendered":"\n<p>Piedras Negras, Coahuila de Zaragoza; a 23 de Septiembre de 2023.\u2013 El Gobierno del Estado, a trav\u00e9s de su Secretar\u00eda de Gobierno y del Instituto Coahuilense de las Mujeres (ICM), lleva a cabo talleres a servidoras y servidores p\u00fablicos para prevenir la violencia contra las mujeres.&nbsp;&nbsp;<\/p>\n\n\n\n<p>En ese sentido, Katy Salinas P\u00e9rez, titular del Instituto Coahuilense de las Mujeres, mencion\u00f3 que se llev\u00f3 a cabo el taller de capacitaci\u00f3n denominado \u201cMovilidad de las mujeres y atenci\u00f3n de primer contacto en caso de agresiones en transporte p\u00fablico\u201d, dirigido a elementos de corporaciones de seguridad en los diversos niveles de gobierno en el Municipio de Piedras Negras.<\/p>\n\n\n\n<p>Durante el mismo se abordaron temas como ABC de la violencia de g\u00e9nero, nuevas masculinidades, marco normativo aplicable en la materia, delitos cometidos por raz\u00f3n de g\u00e9nero contra las mujeres en el transporte p\u00fablico, espacios p\u00fablicos seguros para las mujeres y elaboraci\u00f3n del informe policial homologado con perspectiva de g\u00e9nero.<\/p>\n\n\n\n<p>\u201cEn el marco del esquema de \u2018Cero tolerancia a la violencia contra las mujeres\u2019 implementado por el gobernador Miguel \u00c1ngel Riquelme Sol\u00eds realizamos acciones de capacitaci\u00f3n dirigidas al funcionariado p\u00fablico, con la finalidad de que cuenten con las herramientas necesarias para brindar una atenci\u00f3n especializada y con perspectiva de g\u00e9nero a las mujeres en situaci\u00f3n de violencia, se\u00f1al\u00f3 la titular del ICM.<\/p>\n\n\n\n<p>Asimismo, mencion\u00f3 que este taller forma parte de una serie de capacitaciones que se brindar\u00e1n a todos los cuerpos policiacos en diversos municipios, pues act\u00faan como primeros respondientes ante situaciones de violencia contra las mujeres en la entidad.<\/p>\n","protected":false},"excerpt":{"rendered":"<p>Piedras Negras, Coahuila de Zaragoza; a 23 de Septiembre de 2023.\u2013 El Gobierno del Estado, a trav\u00e9s de su Secretar\u00eda de Gobierno y del Instituto Coahuilense de las Mujeres (ICM), lleva a cabo talleres a servidoras y servidores p\u00fablicos para prevenir la violencia contra las mujeres.&nbsp;&nbsp; En ese sentido, Katy Salinas P\u00e9rez, titular del Instituto&#8230;<\/p>\n","protected":false},"author":1,"featured_media":0,"comment_status":"open","ping_status":"open","sticky":false,"template":"","format":"standard","meta":{"footnotes":""},"categories":[2],"tags":[],"class_list":["post-1126","post","type-post","status-publish","format-standard","hentry","category-coahuila-coahuila"],"_links":{"self":[{"href":"https:\/\/lagumex.mx\/index\/wp-json\/wp\/v2\/posts\/1126","targetHints":{"allow":["GET"]}}],"collection":[{"href":"https:\/\/lagumex.mx\/index\/wp-json\/wp\/v2\/posts"}],"about":[{"href":"https:\/\/lagumex.mx\/index\/wp-json\/wp\/v2\/types\/post"}],"author":[{"embeddable":true,"href":"https:\/\/lagumex.mx\/index\/wp-json\/wp\/v2\/users\/1"}],"replies":[{"embeddable":true,"href":"https:\/\/lagumex.mx\/index\/wp-json\/wp\/v2\/comments?post=1126"}],"version-history":[{"count":1,"href":"https:\/\/lagumex.mx\/index\/wp-json\/wp\/v2\/posts\/1126\/revisions"}],"predecessor-version":[{"id":1127,"href":"https:\/\/lagumex.mx\/index\/wp-json\/wp\/v2\/posts\/1126\/revisions\/1127"}],"wp:attachment":[{"href":"https:\/\/lagumex.mx\/index\/wp-json\/wp\/v2\/media?parent=1126"}],"wp:term":[{"taxonomy":"category","embeddable":true,"href":"https:\/\/lagumex.mx\/index\/wp-json\/wp\/v2\/categories?post=1126"},{"taxonomy":"post_tag","embeddable":true,"href":"https:\/\/lagumex.mx\/index\/wp-json\/wp\/v2\/tags?post=1126"}],"curies":[{"name":"wp","href":"https:\/\/api.w.org\/{rel}","templated":true}]}}