{"id":1120,"date":"2023-09-24T05:50:00","date_gmt":"2023-09-24T05:50:00","guid":{"rendered":"http:\/\/lagumex.mx\/index\/?p=1120"},"modified":"2023-09-25T17:52:39","modified_gmt":"2023-09-25T17:52:39","slug":"se-realizara-jornada-de-reclutamiento-laboral-en-lerdo","status":"publish","type":"post","link":"https:\/\/lagumex.mx\/index\/lerdo\/se-realizara-jornada-de-reclutamiento-laboral-en-lerdo\/","title":{"rendered":"Se realizar\u00e1 jornada de reclutamiento laboral en Lerdo"},"content":{"rendered":"\n<p>24 de septiembre de 2023. La\u00a0<strong>Direcci\u00f3n de Fomento Econ\u00f3mico en Lerdo<\/strong>\u00a0anunci\u00f3 que el pr\u00f3ximo\u00a0<strong>martes 26 de septiembre se realizar\u00e1 una jornada de reclutamiento laboral<\/strong>\u00a0en la plaza principal de Ciudad Lerdo, ofertando m\u00e1s de 30 puestos de trabajo.<\/p>\n\n\n\n<p>La\u00a0<strong>titular del departamento de Bolsa de Trabajo, Yuri Palacios<\/strong>, expres\u00f3 su agradecimiento al\u00a0<strong>alcalde Homero Mart\u00ednez<\/strong>\u00a0por su compromiso con los lerdenses para fomentar m\u00e1s y mejores empleos en el municipio, en colaboraci\u00f3n con empresas de la regi\u00f3n para la vinculaci\u00f3n. <\/p>\n\n\n\n<p>Entre las<strong>&nbsp;vacantes que se ofrecer\u00e1n<\/strong>&nbsp;se encuentran,&nbsp;<strong>operador de transporte, t\u00e9cnico electromec\u00e1nico, t\u00e9cnico en refrigeraci\u00f3n, ayudante general de alimentos, ayudante de almac\u00e9n, analista de procesos<\/strong>, doblador CNC, ponchador, soldadores, pintor, auditor de calidad, chofer, almacenista, y encargados de cajas y carnicer\u00eda, entre otros.<\/p>\n\n\n\n<p>Para obtener m\u00e1s informaci\u00f3n sobre esta jornada de reclutamiento laboral, se pone a disposici\u00f3n la oficina de la dependencia, de lunes a viernes, de 8:00 de la ma\u00f1ana a 4:00 de la tarde, misma que se ubica en calle Chihuahua #14, colonia Centro.<\/p>\n","protected":false},"excerpt":{"rendered":"<p>24 de septiembre de 2023. La\u00a0Direcci\u00f3n de Fomento Econ\u00f3mico en Lerdo\u00a0anunci\u00f3 que el pr\u00f3ximo\u00a0martes 26 de septiembre se realizar\u00e1 una jornada de reclutamiento laboral\u00a0en la plaza principal de Ciudad Lerdo, ofertando m\u00e1s de 30 puestos de trabajo. La\u00a0titular del departamento de Bolsa de Trabajo, Yuri Palacios, expres\u00f3 su agradecimiento al\u00a0alcalde Homero Mart\u00ednez\u00a0por su compromiso con&#8230;<\/p>\n","protected":false},"author":1,"featured_media":1121,"comment_status":"open","ping_status":"open","sticky":false,"template":"","format":"standard","meta":{"footnotes":""},"categories":[3],"tags":[],"class_list":["post-1120","post","type-post","status-publish","format-standard","has-post-thumbnail","hentry","category-lerdo"],"_links":{"self":[{"href":"https:\/\/lagumex.mx\/index\/wp-json\/wp\/v2\/posts\/1120","targetHints":{"allow":["GET"]}}],"collection":[{"href":"https:\/\/lagumex.mx\/index\/wp-json\/wp\/v2\/posts"}],"about":[{"href":"https:\/\/lagumex.mx\/index\/wp-json\/wp\/v2\/types\/post"}],"author":[{"embeddable":true,"href":"https:\/\/lagumex.mx\/index\/wp-json\/wp\/v2\/users\/1"}],"replies":[{"embeddable":true,"href":"https:\/\/lagumex.mx\/index\/wp-json\/wp\/v2\/comments?post=1120"}],"version-history":[{"count":1,"href":"https:\/\/lagumex.mx\/index\/wp-json\/wp\/v2\/posts\/1120\/revisions"}],"predecessor-version":[{"id":1122,"href":"https:\/\/lagumex.mx\/index\/wp-json\/wp\/v2\/posts\/1120\/revisions\/1122"}],"wp:featuredmedia":[{"embeddable":true,"href":"https:\/\/lagumex.mx\/index\/wp-json\/wp\/v2\/media\/1121"}],"wp:attachment":[{"href":"https:\/\/lagumex.mx\/index\/wp-json\/wp\/v2\/media?parent=1120"}],"wp:term":[{"taxonomy":"category","embeddable":true,"href":"https:\/\/lagumex.mx\/index\/wp-json\/wp\/v2\/categories?post=1120"},{"taxonomy":"post_tag","embeddable":true,"href":"https:\/\/lagumex.mx\/index\/wp-json\/wp\/v2\/tags?post=1120"}],"curies":[{"name":"wp","href":"https:\/\/api.w.org\/{rel}","templated":true}]}}