{"id":1117,"date":"2023-09-23T05:48:00","date_gmt":"2023-09-23T05:48:00","guid":{"rendered":"http:\/\/lagumex.mx\/index\/?p=1117"},"modified":"2023-09-25T17:50:37","modified_gmt":"2023-09-25T17:50:37","slug":"avanza-programa-de-platicas-de-prevencion-del-suicidio-en-lerdo","status":"publish","type":"post","link":"https:\/\/lagumex.mx\/index\/lerdo\/avanza-programa-de-platicas-de-prevencion-del-suicidio-en-lerdo\/","title":{"rendered":"Avanza programa de pl\u00e1ticas de prevenci\u00f3n del suicidio en Lerdo"},"content":{"rendered":"\n<p>23 de septiembre de 2023. En el mes de la prevenci\u00f3n del suicidio, el Instituto Municipal de la Mujer en Lerdo contin\u00faa impartiendo pl\u00e1ticas de concientizaci\u00f3n e informaci\u00f3n respecto al tema de salud mental, en esta ocasi\u00f3n se visit\u00f3 el Centro de Bachillerato Tecnol\u00f3gico, Industrial y de Servicios (Cbtis) 4.<\/p>\n\n\n\n<p>La directora del instituto, Mar\u00eda del Refugio Adame G\u00fcereca, se\u00f1al\u00f3 que el tema de la salud mental y la prevenci\u00f3n del suicidio es de inter\u00e9s social, por lo que es fundamental involucrar a la sociedad, para conocer las se\u00f1ales de alerta, los factores que repercuten, y saber detectarlos, con el prop\u00f3sito de prever, ayudar y salvar vidas. El equipo del proyecto de Fortalecimiento Educativo y de Habilidades para el Desarrollo Integral, Emocional y Econ\u00f3mico de las Mujeres en Lerdo, abord\u00f3 el t\u00f3pico denominado \u201cMitos y realidades del suicidio\u201d, dirigido a las y los alumnos del plantel educativo, presentando el proceso psicol\u00f3gico, desde la prevenci\u00f3n hasta la intervenci\u00f3n.<\/p>\n","protected":false},"excerpt":{"rendered":"<p>23 de septiembre de 2023. En el mes de la prevenci\u00f3n del suicidio, el Instituto Municipal de la Mujer en Lerdo contin\u00faa impartiendo pl\u00e1ticas de concientizaci\u00f3n e informaci\u00f3n respecto al tema de salud mental, en esta ocasi\u00f3n se visit\u00f3 el Centro de Bachillerato Tecnol\u00f3gico, Industrial y de Servicios (Cbtis) 4. La directora del instituto, Mar\u00eda&#8230;<\/p>\n","protected":false},"author":1,"featured_media":1118,"comment_status":"open","ping_status":"open","sticky":false,"template":"","format":"standard","meta":{"footnotes":""},"categories":[3],"tags":[],"class_list":["post-1117","post","type-post","status-publish","format-standard","has-post-thumbnail","hentry","category-lerdo"],"_links":{"self":[{"href":"https:\/\/lagumex.mx\/index\/wp-json\/wp\/v2\/posts\/1117","targetHints":{"allow":["GET"]}}],"collection":[{"href":"https:\/\/lagumex.mx\/index\/wp-json\/wp\/v2\/posts"}],"about":[{"href":"https:\/\/lagumex.mx\/index\/wp-json\/wp\/v2\/types\/post"}],"author":[{"embeddable":true,"href":"https:\/\/lagumex.mx\/index\/wp-json\/wp\/v2\/users\/1"}],"replies":[{"embeddable":true,"href":"https:\/\/lagumex.mx\/index\/wp-json\/wp\/v2\/comments?post=1117"}],"version-history":[{"count":1,"href":"https:\/\/lagumex.mx\/index\/wp-json\/wp\/v2\/posts\/1117\/revisions"}],"predecessor-version":[{"id":1119,"href":"https:\/\/lagumex.mx\/index\/wp-json\/wp\/v2\/posts\/1117\/revisions\/1119"}],"wp:featuredmedia":[{"embeddable":true,"href":"https:\/\/lagumex.mx\/index\/wp-json\/wp\/v2\/media\/1118"}],"wp:attachment":[{"href":"https:\/\/lagumex.mx\/index\/wp-json\/wp\/v2\/media?parent=1117"}],"wp:term":[{"taxonomy":"category","embeddable":true,"href":"https:\/\/lagumex.mx\/index\/wp-json\/wp\/v2\/categories?post=1117"},{"taxonomy":"post_tag","embeddable":true,"href":"https:\/\/lagumex.mx\/index\/wp-json\/wp\/v2\/tags?post=1117"}],"curies":[{"name":"wp","href":"https:\/\/api.w.org\/{rel}","templated":true}]}}