{"id":1115,"date":"2023-09-22T05:48:00","date_gmt":"2023-09-22T05:48:00","guid":{"rendered":"http:\/\/lagumex.mx\/index\/?p=1115"},"modified":"2023-09-25T17:48:53","modified_gmt":"2023-09-25T17:48:53","slug":"lerdo-presente-en-tercer-encuentro-nacional-de-autoridades-jovenes-2023","status":"publish","type":"post","link":"https:\/\/lagumex.mx\/index\/lerdo\/lerdo-presente-en-tercer-encuentro-nacional-de-autoridades-jovenes-2023\/","title":{"rendered":"Lerdo presente en tercer encuentro nacional de autoridades j\u00f3venes 2023"},"content":{"rendered":"\n<h2 class=\"wp-block-heading\">El director del Instituto Municipal de la Juventud en Lerdo, David Cano S\u00e1nchez, estuvo presente en el Tercer Encuentro Nacional de Autoridades J\u00f3venes 2023, que se desarroll\u00f3 en la Ciudad de M\u00e9xico el pasado mi\u00e9rcoles 20 de septiembre.<\/h2>\n\n\n\n<p>22 de septiembre de 2023. Al respecto, David Cano, comparti\u00f3 que este evento permiti\u00f3 crear v\u00ednculos con el Instituto Mexicano de la Juventud (IMJUVE) y reforzar los que ya se tienen con el Instituto Estatal (IDJ) para trabajar coordinadamente en la gesti\u00f3n de programas que beneficien a los j\u00f3venes de Lerdo. <\/p>\n\n\n\n<p>Destac\u00f3 cu\u00e1n importante es para el Presidente Municipal Homero Mart\u00ednez Cabrera, crear pol\u00edticas p\u00fablicas para este sector de la poblaci\u00f3n con el prop\u00f3sito de impulsar su crecimiento y desarrollo integral en el municipio.<\/p>\n\n\n\n<p>\u201cEn este importante encuentro, compartimos experiencias y maneras de trabajar en temas de inter\u00e9s para las juventudes en los diferentes estados y municipios, as\u00ed como en la toma de decisiones de j\u00f3venes en las pol\u00edticas p\u00fablicas para su beneficio\u201d, subray\u00f3.<\/p>\n","protected":false},"excerpt":{"rendered":"<p>El director del Instituto Municipal de la Juventud en Lerdo, David Cano S\u00e1nchez, estuvo presente en el Tercer Encuentro Nacional de Autoridades J\u00f3venes 2023, que se desarroll\u00f3 en la Ciudad de M\u00e9xico el pasado mi\u00e9rcoles 20 de septiembre. 22 de septiembre de 2023. Al respecto, David Cano, comparti\u00f3 que este evento permiti\u00f3 crear v\u00ednculos con&#8230;<\/p>\n","protected":false},"author":1,"featured_media":0,"comment_status":"open","ping_status":"open","sticky":false,"template":"","format":"standard","meta":{"footnotes":""},"categories":[3],"tags":[],"class_list":["post-1115","post","type-post","status-publish","format-standard","hentry","category-lerdo"],"_links":{"self":[{"href":"https:\/\/lagumex.mx\/index\/wp-json\/wp\/v2\/posts\/1115","targetHints":{"allow":["GET"]}}],"collection":[{"href":"https:\/\/lagumex.mx\/index\/wp-json\/wp\/v2\/posts"}],"about":[{"href":"https:\/\/lagumex.mx\/index\/wp-json\/wp\/v2\/types\/post"}],"author":[{"embeddable":true,"href":"https:\/\/lagumex.mx\/index\/wp-json\/wp\/v2\/users\/1"}],"replies":[{"embeddable":true,"href":"https:\/\/lagumex.mx\/index\/wp-json\/wp\/v2\/comments?post=1115"}],"version-history":[{"count":1,"href":"https:\/\/lagumex.mx\/index\/wp-json\/wp\/v2\/posts\/1115\/revisions"}],"predecessor-version":[{"id":1116,"href":"https:\/\/lagumex.mx\/index\/wp-json\/wp\/v2\/posts\/1115\/revisions\/1116"}],"wp:attachment":[{"href":"https:\/\/lagumex.mx\/index\/wp-json\/wp\/v2\/media?parent=1115"}],"wp:term":[{"taxonomy":"category","embeddable":true,"href":"https:\/\/lagumex.mx\/index\/wp-json\/wp\/v2\/categories?post=1115"},{"taxonomy":"post_tag","embeddable":true,"href":"https:\/\/lagumex.mx\/index\/wp-json\/wp\/v2\/tags?post=1115"}],"curies":[{"name":"wp","href":"https:\/\/api.w.org\/{rel}","templated":true}]}}