{"id":1109,"date":"2023-09-19T05:44:00","date_gmt":"2023-09-19T05:44:00","guid":{"rendered":"http:\/\/lagumex.mx\/index\/?p=1109"},"modified":"2023-09-25T17:45:40","modified_gmt":"2023-09-25T17:45:40","slug":"impulsan-platicas-para-la-prevencion-del-suicidio-en-lerdo","status":"publish","type":"post","link":"https:\/\/lagumex.mx\/index\/lerdo\/impulsan-platicas-para-la-prevencion-del-suicidio-en-lerdo\/","title":{"rendered":"Impulsan pl\u00e1ticas para la prevenci\u00f3n del suicidio en Lerdo"},"content":{"rendered":"\n<h2 class=\"wp-block-heading\">En el marco del d\u00eda mundial de la prevenci\u00f3n del suicidio, el Instituto Municipal de la Mujer (IMM) acudi\u00f3 con una pl\u00e1tica informativa referente al tema en la Universidad Tecnol\u00f3gica de la Laguna Durango (UTL).<\/h2>\n\n\n\n<p>19 de septiembre de 2023. La charla, denominada \u201cMitos acerca del suicidio\u201d, fue impartida por el Licenciado en psicolog\u00eda Jes\u00fas Adri\u00e1n Castro, quien abord\u00f3 subtemas de impacto social, desde los factores y trastornos mentales que conllevan a una persona a querer cometer un acto de violencia contra su propia vida con el principal fin de causarse la muerte. <\/p>\n\n\n\n<p>La directora del Instituto de la Mujer, Mar\u00eda del Refugio Adame G\u00fcereca, expuso que es instrucci\u00f3n del Presidente Municipal Homero Mart\u00ednez Cabrera trabajar en sinergia para atender la salud mental de los ni\u00f1os, j\u00f3venes y adultos en el municipio de Lerdo, por lo que todos las \u00e1reas de la actual administraci\u00f3n se involucran y comprometen para una mayor difusi\u00f3n del tema y prevenci\u00f3n del suicidio.<\/p>\n\n\n\n<p>\u201cEl suicidio puede evitarse conociendo los factores de riesgo y detectando las se\u00f1ales de alertas, por esa raz\u00f3n, el Instituto de la Mujer acude a las escuelas para dar pl\u00e1ticas de concientizaci\u00f3n, brind\u00e1ndoles a los alumnos las herramientas necesarias para solicitar ayuda\u201d, subray\u00f3.<\/p>\n\n\n\n<p>Agreg\u00f3 que durante esta actividad, el personal se mantiene atento a las reacciones de los j\u00f3venes, se muestra emp\u00e1tico y dispuesto a responder todas las dudas que surjan en la pl\u00e1tica.<\/p>\n","protected":false},"excerpt":{"rendered":"<p>En el marco del d\u00eda mundial de la prevenci\u00f3n del suicidio, el Instituto Municipal de la Mujer (IMM) acudi\u00f3 con una pl\u00e1tica informativa referente al tema en la Universidad Tecnol\u00f3gica de la Laguna Durango (UTL). 19 de septiembre de 2023. La charla, denominada \u201cMitos acerca del suicidio\u201d, fue impartida por el Licenciado en psicolog\u00eda Jes\u00fas&#8230;<\/p>\n","protected":false},"author":1,"featured_media":0,"comment_status":"open","ping_status":"open","sticky":false,"template":"","format":"standard","meta":{"footnotes":""},"categories":[3],"tags":[],"class_list":["post-1109","post","type-post","status-publish","format-standard","hentry","category-lerdo"],"_links":{"self":[{"href":"https:\/\/lagumex.mx\/index\/wp-json\/wp\/v2\/posts\/1109","targetHints":{"allow":["GET"]}}],"collection":[{"href":"https:\/\/lagumex.mx\/index\/wp-json\/wp\/v2\/posts"}],"about":[{"href":"https:\/\/lagumex.mx\/index\/wp-json\/wp\/v2\/types\/post"}],"author":[{"embeddable":true,"href":"https:\/\/lagumex.mx\/index\/wp-json\/wp\/v2\/users\/1"}],"replies":[{"embeddable":true,"href":"https:\/\/lagumex.mx\/index\/wp-json\/wp\/v2\/comments?post=1109"}],"version-history":[{"count":1,"href":"https:\/\/lagumex.mx\/index\/wp-json\/wp\/v2\/posts\/1109\/revisions"}],"predecessor-version":[{"id":1110,"href":"https:\/\/lagumex.mx\/index\/wp-json\/wp\/v2\/posts\/1109\/revisions\/1110"}],"wp:attachment":[{"href":"https:\/\/lagumex.mx\/index\/wp-json\/wp\/v2\/media?parent=1109"}],"wp:term":[{"taxonomy":"category","embeddable":true,"href":"https:\/\/lagumex.mx\/index\/wp-json\/wp\/v2\/categories?post=1109"},{"taxonomy":"post_tag","embeddable":true,"href":"https:\/\/lagumex.mx\/index\/wp-json\/wp\/v2\/tags?post=1109"}],"curies":[{"name":"wp","href":"https:\/\/api.w.org\/{rel}","templated":true}]}}