{"id":1107,"date":"2023-09-18T05:43:00","date_gmt":"2023-09-18T05:43:00","guid":{"rendered":"http:\/\/lagumex.mx\/index\/?p=1107"},"modified":"2023-09-25T17:44:41","modified_gmt":"2023-09-25T17:44:41","slug":"arranca-segunda-etapa-del-programa-mini-guardianes-de-la-prevencion","status":"publish","type":"post","link":"https:\/\/lagumex.mx\/index\/lerdo\/arranca-segunda-etapa-del-programa-mini-guardianes-de-la-prevencion\/","title":{"rendered":"Arranca segunda etapa del programa \u2018Mini Guardianes de la Prevenci\u00f3n\u2019"},"content":{"rendered":"\n<h2 class=\"wp-block-heading\">Este lunes, teniendo como sede la&nbsp;<strong>escuela primaria Jos\u00e9 Ram\u00f3n Valdez<\/strong>, las autoridades municipales de ciudad Lerdo, anunciaron el lanzamiento de la segunda etapa del programa \u201c<strong>Mini Guardianes de la Prevenci\u00f3n<\/strong>\u201d. La meta es visitar 110 escuelas de primaria y preescolar en territorio lerdense.<\/h2>\n\n\n\n<p>18 de septiembre de 2023.En representaci\u00f3n del\u00a0<strong>Alcalde Homero Mart\u00ednez Cabrera<\/strong>, el secretario t\u00e9cnico\u00a0<strong>Ram\u00f3n Acosta<\/strong>, celebr\u00f3 el \u00e9xito de la primera etapa del programa, que capacit\u00f3 a 63 instituciones educativas con un total de 7,200 alumnos de primaria. As\u00ed mismo se\u00f1al\u00f3 que\u00a0<strong>esta iniciativa fue impulsada por la primera autoridad en el municipio de Lerdo y la directora de Protecci\u00f3n Civil<\/strong>, Isabel Mac\u00edas. <\/p>\n\n\n\n<p>Fue precisamente, la coordinadora de Protecci\u00f3n Civil y Bomberos&nbsp;<strong>Isabel Mac\u00edas Sifuentes<\/strong>, quien dio a conocer que esta pr\u00f3xima etapa de concientizaci\u00f3n y capacitaci\u00f3n ser\u00e1 una realidad, arrancando el mi\u00e9rcoles 20 de septiembre en dicho plantel educativo.<\/p>\n\n\n\n<p>La funcionaria record\u00f3 que, durante la primera etapa,&nbsp;<strong>se visitaron un total de 63 escuelas primarias<\/strong>, y dijo, en esta edici\u00f3n se acudir\u00e1 a 30 m\u00e1s y 80 jardines de ni\u00f1os en el municipio, atendiendo a un total de 110 escuelas.<\/p>\n\n\n\n<p>Adem\u00e1s, agradeci\u00f3 el acompa\u00f1amiento del secretario t\u00e9cnico Ram\u00f3n Acosta Barrios, en representaci\u00f3n del Alcalde Homero Mart\u00ednez, as\u00ed como al director del instituto educativo,&nbsp;<strong>Everardo Hern\u00e1ndez G\u00f3mez<\/strong>, por su anfitrion\u00eda y el compromiso de&nbsp;<strong>contribuir a la capacitaci\u00f3n de los infantes<\/strong>&nbsp;sobre los m\u00e9todos de prevenci\u00f3n y reacci\u00f3n ante cualquier emergencia.<\/p>\n","protected":false},"excerpt":{"rendered":"<p>Este lunes, teniendo como sede la&nbsp;escuela primaria Jos\u00e9 Ram\u00f3n Valdez, las autoridades municipales de ciudad Lerdo, anunciaron el lanzamiento de la segunda etapa del programa \u201cMini Guardianes de la Prevenci\u00f3n\u201d. La meta es visitar 110 escuelas de primaria y preescolar en territorio lerdense. 18 de septiembre de 2023.En representaci\u00f3n del\u00a0Alcalde Homero Mart\u00ednez Cabrera, el secretario&#8230;<\/p>\n","protected":false},"author":1,"featured_media":0,"comment_status":"open","ping_status":"open","sticky":false,"template":"","format":"standard","meta":{"footnotes":""},"categories":[3],"tags":[],"class_list":["post-1107","post","type-post","status-publish","format-standard","hentry","category-lerdo"],"_links":{"self":[{"href":"https:\/\/lagumex.mx\/index\/wp-json\/wp\/v2\/posts\/1107","targetHints":{"allow":["GET"]}}],"collection":[{"href":"https:\/\/lagumex.mx\/index\/wp-json\/wp\/v2\/posts"}],"about":[{"href":"https:\/\/lagumex.mx\/index\/wp-json\/wp\/v2\/types\/post"}],"author":[{"embeddable":true,"href":"https:\/\/lagumex.mx\/index\/wp-json\/wp\/v2\/users\/1"}],"replies":[{"embeddable":true,"href":"https:\/\/lagumex.mx\/index\/wp-json\/wp\/v2\/comments?post=1107"}],"version-history":[{"count":1,"href":"https:\/\/lagumex.mx\/index\/wp-json\/wp\/v2\/posts\/1107\/revisions"}],"predecessor-version":[{"id":1108,"href":"https:\/\/lagumex.mx\/index\/wp-json\/wp\/v2\/posts\/1107\/revisions\/1108"}],"wp:attachment":[{"href":"https:\/\/lagumex.mx\/index\/wp-json\/wp\/v2\/media?parent=1107"}],"wp:term":[{"taxonomy":"category","embeddable":true,"href":"https:\/\/lagumex.mx\/index\/wp-json\/wp\/v2\/categories?post=1107"},{"taxonomy":"post_tag","embeddable":true,"href":"https:\/\/lagumex.mx\/index\/wp-json\/wp\/v2\/tags?post=1107"}],"curies":[{"name":"wp","href":"https:\/\/api.w.org\/{rel}","templated":true}]}}