{"id":1103,"date":"2023-09-16T05:40:00","date_gmt":"2023-09-16T05:40:00","guid":{"rendered":"http:\/\/lagumex.mx\/index\/?p=1103"},"modified":"2023-09-25T17:42:18","modified_gmt":"2023-09-25T17:42:18","slug":"conmemoran-el-213-aniversario-de-independencia","status":"publish","type":"post","link":"https:\/\/lagumex.mx\/index\/lerdo\/conmemoran-el-213-aniversario-de-independencia\/","title":{"rendered":"Conmemoran el 213 aniversario de Independencia"},"content":{"rendered":"\n<h2 class=\"wp-block-heading\">El Gobierno Municipal de Lerdo, a trav\u00e9s de la direcci\u00f3n de Educaci\u00f3n, conmemor\u00f3 el 213 aniversario de la Independencia de M\u00e9xico, en la explanada del Jard\u00edn de Ni\u00f1os Armando List Arzubide, de la colonia San Isidro, lugar donde antes era la c\u00e1rcel municipal y estuvo detenido el padre de la patria Miguel Hidalgo y Costilla.<\/h2>\n\n\n\n<p>16 de septiembre de 2023.En representaci\u00f3n del Presidente Municipal Homero Mart\u00ednez Cabrera, el secretario t\u00e9cnico Ram\u00f3n Acosta Barrios, destac\u00f3 la importante participaci\u00f3n de Josefa Ort\u00edz de Dom\u00ednguez, Jos\u00e9 Mar\u00eda Morelos, y los h\u00e9roes de la Independencia que se levantaron en armas la madrugada del 16 de septiembre de a\u00f1o 1810, luego de que el Cura Miguel Hidalgo y Costilla diera el Grito de Independencia en Dolores, Guanajuato. <\/p>\n\n\n\n<p>El movimiento armado concluy\u00f3 tras 11 a\u00f1os de lucha, con la entrada triunfal del Ej\u00e9rcito Trigarante encabezado por Agust\u00edn de Iturbide y Vicente Guerrero a la Ciudad de M\u00e9xico el 27 de septiembre de 1821. Este hecho hist\u00f3rico es recordado y hoy se celebran 213 a\u00f1os de libertad.<\/p>\n\n\n\n<p>Los alumnos de tercer grado del preescolar Armando List Arzubide realizaron el baile de \u2018Los machetes\u2019 y \u2018La Raspa\u2019, tambi\u00e9n interpretaron la melod\u00eda \u2018H\u00e9roes de la Independencia\u2019, posteriormente, j\u00f3venes de la Secundaria T\u00e9cnica Jos\u00e9 Santos Valdez presentaron la escenificaci\u00f3n \u201cCr\u00f3nica de un insurgente\u201d.<\/p>\n","protected":false},"excerpt":{"rendered":"<p>El Gobierno Municipal de Lerdo, a trav\u00e9s de la direcci\u00f3n de Educaci\u00f3n, conmemor\u00f3 el 213 aniversario de la Independencia de M\u00e9xico, en la explanada del Jard\u00edn de Ni\u00f1os Armando List Arzubide, de la colonia San Isidro, lugar donde antes era la c\u00e1rcel municipal y estuvo detenido el padre de la patria Miguel Hidalgo y Costilla&#8230;.<\/p>\n","protected":false},"author":1,"featured_media":0,"comment_status":"open","ping_status":"open","sticky":false,"template":"","format":"standard","meta":{"footnotes":""},"categories":[3],"tags":[],"class_list":["post-1103","post","type-post","status-publish","format-standard","hentry","category-lerdo"],"_links":{"self":[{"href":"https:\/\/lagumex.mx\/index\/wp-json\/wp\/v2\/posts\/1103","targetHints":{"allow":["GET"]}}],"collection":[{"href":"https:\/\/lagumex.mx\/index\/wp-json\/wp\/v2\/posts"}],"about":[{"href":"https:\/\/lagumex.mx\/index\/wp-json\/wp\/v2\/types\/post"}],"author":[{"embeddable":true,"href":"https:\/\/lagumex.mx\/index\/wp-json\/wp\/v2\/users\/1"}],"replies":[{"embeddable":true,"href":"https:\/\/lagumex.mx\/index\/wp-json\/wp\/v2\/comments?post=1103"}],"version-history":[{"count":1,"href":"https:\/\/lagumex.mx\/index\/wp-json\/wp\/v2\/posts\/1103\/revisions"}],"predecessor-version":[{"id":1104,"href":"https:\/\/lagumex.mx\/index\/wp-json\/wp\/v2\/posts\/1103\/revisions\/1104"}],"wp:attachment":[{"href":"https:\/\/lagumex.mx\/index\/wp-json\/wp\/v2\/media?parent=1103"}],"wp:term":[{"taxonomy":"category","embeddable":true,"href":"https:\/\/lagumex.mx\/index\/wp-json\/wp\/v2\/categories?post=1103"},{"taxonomy":"post_tag","embeddable":true,"href":"https:\/\/lagumex.mx\/index\/wp-json\/wp\/v2\/tags?post=1103"}],"curies":[{"name":"wp","href":"https:\/\/api.w.org\/{rel}","templated":true}]}}