{"id":1101,"date":"2023-09-15T05:40:00","date_gmt":"2023-09-15T05:40:00","guid":{"rendered":"http:\/\/lagumex.mx\/index\/?p=1101"},"modified":"2023-09-25T17:40:51","modified_gmt":"2023-09-25T17:40:51","slug":"oficinas-de-sapal-en-lerdo-cerraran-este-16-de-septiembre","status":"publish","type":"post","link":"https:\/\/lagumex.mx\/index\/lerdo\/oficinas-de-sapal-en-lerdo-cerraran-este-16-de-septiembre\/","title":{"rendered":"Oficinas de Sapal en Lerdo cerrar\u00e1n este 16 de septiembre"},"content":{"rendered":"\n<h2 class=\"wp-block-heading\">El Sistema de Agua Potable y Alcantarillado de Lerdo (SAPAL) informa a la ciudadan\u00eda de Lerdo, as\u00ed como a la Villa de Nazareno y Ciudad Ju\u00e1rez, que el pr\u00f3ximo s\u00e1bado 16 de septiembre las oficinas centrales y m\u00f3dulos de pagos permanecer\u00e1n cerrados por motivo del D\u00eda de la Independencia de M\u00e9xico.<\/h2>\n\n\n\n<p>15 de septiembre de 2023.No obstante, como una alternativa c\u00f3moda y accesible de pago del servicio, la p\u00e1gina en l\u00ednea y la aplicaci\u00f3n LerdoSAPAL.mx est\u00e1n disponibles las 24 horas del d\u00eda para que los usuarios pueden efectuar el pago de sus recibos de agua potable. <\/p>\n\n\n\n<p>El Sistema de Agua Potable y Alcantarillado de Lerdo (SAPAL) informa a la ciudadan\u00eda de Lerdo, as\u00ed como a la Villa de Nazareno y Ciudad Ju\u00e1rez, que el pr\u00f3ximo s\u00e1bado 16 de septiembre las oficinas centrales y m\u00f3dulos de pagos permanecer\u00e1n cerrados por motivo del D\u00eda de la Independencia de M\u00e9xico.<\/p>\n\n\n\n<p>No obstante, como una alternativa c\u00f3moda y accesible de pago del servicio, la p\u00e1gina en l\u00ednea y la aplicaci\u00f3n LerdoSAPAL.mx est\u00e1n disponibles las 24 horas del d\u00eda para que los usuarios pueden efectuar el pago de sus recibos de agua potable.<\/p>\n","protected":false},"excerpt":{"rendered":"<p>El Sistema de Agua Potable y Alcantarillado de Lerdo (SAPAL) informa a la ciudadan\u00eda de Lerdo, as\u00ed como a la Villa de Nazareno y Ciudad Ju\u00e1rez, que el pr\u00f3ximo s\u00e1bado 16 de septiembre las oficinas centrales y m\u00f3dulos de pagos permanecer\u00e1n cerrados por motivo del D\u00eda de la Independencia de M\u00e9xico. 15 de septiembre de&#8230;<\/p>\n","protected":false},"author":1,"featured_media":0,"comment_status":"open","ping_status":"open","sticky":false,"template":"","format":"standard","meta":{"footnotes":""},"categories":[3],"tags":[],"class_list":["post-1101","post","type-post","status-publish","format-standard","hentry","category-lerdo"],"_links":{"self":[{"href":"https:\/\/lagumex.mx\/index\/wp-json\/wp\/v2\/posts\/1101","targetHints":{"allow":["GET"]}}],"collection":[{"href":"https:\/\/lagumex.mx\/index\/wp-json\/wp\/v2\/posts"}],"about":[{"href":"https:\/\/lagumex.mx\/index\/wp-json\/wp\/v2\/types\/post"}],"author":[{"embeddable":true,"href":"https:\/\/lagumex.mx\/index\/wp-json\/wp\/v2\/users\/1"}],"replies":[{"embeddable":true,"href":"https:\/\/lagumex.mx\/index\/wp-json\/wp\/v2\/comments?post=1101"}],"version-history":[{"count":1,"href":"https:\/\/lagumex.mx\/index\/wp-json\/wp\/v2\/posts\/1101\/revisions"}],"predecessor-version":[{"id":1102,"href":"https:\/\/lagumex.mx\/index\/wp-json\/wp\/v2\/posts\/1101\/revisions\/1102"}],"wp:attachment":[{"href":"https:\/\/lagumex.mx\/index\/wp-json\/wp\/v2\/media?parent=1101"}],"wp:term":[{"taxonomy":"category","embeddable":true,"href":"https:\/\/lagumex.mx\/index\/wp-json\/wp\/v2\/categories?post=1101"},{"taxonomy":"post_tag","embeddable":true,"href":"https:\/\/lagumex.mx\/index\/wp-json\/wp\/v2\/tags?post=1101"}],"curies":[{"name":"wp","href":"https:\/\/api.w.org\/{rel}","templated":true}]}}