{"id":1099,"date":"2023-09-14T05:37:00","date_gmt":"2023-09-14T05:37:00","guid":{"rendered":"http:\/\/lagumex.mx\/index\/?p=1099"},"modified":"2023-09-25T17:39:49","modified_gmt":"2023-09-25T17:39:49","slug":"buscan-fortalecer-acciones-contra-el-suicidio-en-lerdo","status":"publish","type":"post","link":"https:\/\/lagumex.mx\/index\/lerdo\/buscan-fortalecer-acciones-contra-el-suicidio-en-lerdo\/","title":{"rendered":"Buscan fortalecer acciones contra el suicidio en Lerdo"},"content":{"rendered":"\n<h2 class=\"wp-block-heading\">En el marco del D\u00eda Mundial de la Prevenci\u00f3n del Suicidio, el Alcalde de Lerdo Homero Mart\u00ednez Cabrera inform\u00f3 que el municipio pone en marcha acciones preventivas a trav\u00e9s de los institutos municipales, las direcciones de seguridad p\u00fablica, salud municipal y prevenci\u00f3n social, para atender el tema de salud mental.<\/h2>\n\n\n\n<p>14 de septiembre de 2023.Un claro ejemplo es la participaci\u00f3n del Instituto de la Juventud con pl\u00e1ticas informativas y preventivas del suicidio, dirigidas a ni\u00f1os y j\u00f3venes estudiantes. Durante la semana se llev\u00f3 esta actividad a m\u00e1s de 200 alumnos del CBTA de Ciudad Ju\u00e1rez y pr\u00f3ximamente se visitar\u00e1 el CBTA de Le\u00f3n Guzm\u00e1n. <\/p>\n\n\n\n<p>No obstante, la primera autoridad en Lerdo mencion\u00f3 la importancia de trabajar de manera coordinada con el gobierno federal y estatal para combatir el tema del suicidio, mediante una estrategia integral de atenci\u00f3n a la salud mental, por lo que exhort\u00f3 a la federaci\u00f3n para apoyar a los municipios y destinar recursos para este importante tema de salud.<\/p>\n\n\n\n<p>\u201cYo pedir\u00eda al gobierno federal que nos ayudara a los municipios, quienes somos el primer contacto, tenemos la cercan\u00eda con los ciudadanos y sabemos d\u00f3nde tenemos mayores problemas de incidencia\u201d<\/p>\n\n\n\n<p>Adem\u00e1s, comparti\u00f3 la urgencia de un centro de salud mental en la Laguna, para atender de manera profesional a quienes requieren ayuda, ya que el tema del suicidio conlleva m\u00faltiples factores, por lo que es importante saber identificar cuando existe un problema de salud mental, y de igual manera, capacitar a los agentes que atiende las llamadas de emergencia en el 911.<\/p>\n","protected":false},"excerpt":{"rendered":"<p>En el marco del D\u00eda Mundial de la Prevenci\u00f3n del Suicidio, el Alcalde de Lerdo Homero Mart\u00ednez Cabrera inform\u00f3 que el municipio pone en marcha acciones preventivas a trav\u00e9s de los institutos municipales, las direcciones de seguridad p\u00fablica, salud municipal y prevenci\u00f3n social, para atender el tema de salud mental. 14 de septiembre de 2023.Un&#8230;<\/p>\n","protected":false},"author":1,"featured_media":0,"comment_status":"open","ping_status":"open","sticky":false,"template":"","format":"standard","meta":{"footnotes":""},"categories":[3],"tags":[],"class_list":["post-1099","post","type-post","status-publish","format-standard","hentry","category-lerdo"],"_links":{"self":[{"href":"https:\/\/lagumex.mx\/index\/wp-json\/wp\/v2\/posts\/1099","targetHints":{"allow":["GET"]}}],"collection":[{"href":"https:\/\/lagumex.mx\/index\/wp-json\/wp\/v2\/posts"}],"about":[{"href":"https:\/\/lagumex.mx\/index\/wp-json\/wp\/v2\/types\/post"}],"author":[{"embeddable":true,"href":"https:\/\/lagumex.mx\/index\/wp-json\/wp\/v2\/users\/1"}],"replies":[{"embeddable":true,"href":"https:\/\/lagumex.mx\/index\/wp-json\/wp\/v2\/comments?post=1099"}],"version-history":[{"count":1,"href":"https:\/\/lagumex.mx\/index\/wp-json\/wp\/v2\/posts\/1099\/revisions"}],"predecessor-version":[{"id":1100,"href":"https:\/\/lagumex.mx\/index\/wp-json\/wp\/v2\/posts\/1099\/revisions\/1100"}],"wp:attachment":[{"href":"https:\/\/lagumex.mx\/index\/wp-json\/wp\/v2\/media?parent=1099"}],"wp:term":[{"taxonomy":"category","embeddable":true,"href":"https:\/\/lagumex.mx\/index\/wp-json\/wp\/v2\/categories?post=1099"},{"taxonomy":"post_tag","embeddable":true,"href":"https:\/\/lagumex.mx\/index\/wp-json\/wp\/v2\/tags?post=1099"}],"curies":[{"name":"wp","href":"https:\/\/api.w.org\/{rel}","templated":true}]}}