{"id":1089,"date":"2023-09-19T06:48:00","date_gmt":"2023-09-19T06:48:00","guid":{"rendered":"http:\/\/lagumex.mx\/index\/?p=1089"},"modified":"2023-09-20T18:50:11","modified_gmt":"2023-09-20T18:50:11","slug":"el-primer-ano-de-esteban-se-caracterizo-por-el-regreso-de-programas-con-sentido-humano-rocio-rebollo","status":"publish","type":"post","link":"https:\/\/lagumex.mx\/index\/durango\/el-primer-ano-de-esteban-se-caracterizo-por-el-regreso-de-programas-con-sentido-humano-rocio-rebollo\/","title":{"rendered":"El primer a\u00f1o de Esteban, se caracteriz\u00f3 por el regreso de programas con sentido humano: Roc\u00edo Rebollo"},"content":{"rendered":"\n<h2 class=\"wp-block-heading\">Tambi\u00e9n retorn\u00f3 el programa Uniformes Escolares gratuitos para alumnos de educaci\u00f3n b\u00e1sica.<\/h2>\n\n\n\n<p>19 de septiembre de 2023. Con el primer a\u00f1o de administraci\u00f3n de Esteban, en la Secretar\u00eda de Bienestar Social (Sebised), se marc\u00f3 el regreso de programas que dan sentido humano y con ello, estrategias que mejoraron la calidad de vida de los duranguenses, adem\u00e1s de la mezcla de recursos con municipios, que beneficiaron 38 mil personas con m\u00e1s de 15 mil acciones sociales b\u00e1sicas de vivienda.<\/p>\n\n\n\n<p>En el marco de la glosa del primer Informe de Gobierno, ante el pleno del Congreso del Estado, la titular de Sebised, Roc\u00edo Rebollo Mendoza, detall\u00f3 a fondo y de manera clara, las acciones que, en su mayor\u00eda, fueron dirigidas para el combate de las carencias sociales de vivienda y servicios b\u00e1sicos.<\/p>\n\n\n\n<p>Durante la comparecencia, destac\u00f3 la importancia del retorno del programa de Uniformes Escolares, la reactivaci\u00f3n del esquema de apoyo y respaldo al trabajo que realizan las organizaciones de la sociedad civil, el apoyo a la transportaci\u00f3n terrestre que ha permitido acercar los servicios de salud y rehabilitaci\u00f3n especializados, as\u00ed como la potencializaci\u00f3n del Fondo de Infraestructura Social Estatal mediante la mezcla de recursos con los municipios.<\/p>\n\n\n\n<p>Otro de los logros m\u00e1s destacados durante el primer a\u00f1o de gobierno, especific\u00f3 Rebollo Mendoza, fue la orientaci\u00f3n de recursos federales del Fondo de Infraestructura Social Estatal (FISE), a la consecuci\u00f3n de obras, acciones sociales b\u00e1sicas y a inversiones que benefician directamente a poblaci\u00f3n en pobreza extrema y localidades con alto o muy alto grado de rezago social.<\/p>\n\n\n\n<p>Se logr\u00f3 mezclar recursos con 27 de los 39 municipios del estado. El FISE paso de 162 a 246 millones de pesos, con 67 obras de infraestructura en beneficio de m\u00e1s de 38 mil personas y m\u00e1s de 15 mil acciones sociales b\u00e1sicas de vivienda, para el mismo n\u00famero de familias que as\u00ed lo requieren.<\/p>\n\n\n\n<p>Durante su comparecencia, la Secretaria destac\u00f3 el premio \u201cBuenas Pr\u00e1cticas, Grandes Cambios\u201d que INEVAP entreg\u00f3 a SEBISED&nbsp; en la categor\u00eda del uso de la medici\u00f3n multidimensional de la pobreza y sus indicadores para la toma de decisiones y la mejora de programas, lo cual compromete a continuar, con m\u00e9todo y objetivos claros, trabajando para lograr la disminuci\u00f3n de las carencias de nuestra poblaci\u00f3n.&nbsp;<\/p>\n\n\n\n<p>Adicionalmente, comunic\u00f3&nbsp; los resultados de los organismos estatales con los que se trabaj\u00f3 de manera conjunta, como Comisi\u00f3n Estatal de Suelo y Vivienda (COESVI), Instituto Estatal de las Mujeres, y el Instituto Duranguense de la Juventud, con la que se han entregado cuentas positivas en favor de los duranguenses.<\/p>\n","protected":false},"excerpt":{"rendered":"<p>Tambi\u00e9n retorn\u00f3 el programa Uniformes Escolares gratuitos para alumnos de educaci\u00f3n b\u00e1sica. 19 de septiembre de 2023. Con el primer a\u00f1o de administraci\u00f3n de Esteban, en la Secretar\u00eda de Bienestar Social (Sebised), se marc\u00f3 el regreso de programas que dan sentido humano y con ello, estrategias que mejoraron la calidad de vida de los duranguenses,&#8230;<\/p>\n","protected":false},"author":1,"featured_media":1090,"comment_status":"open","ping_status":"open","sticky":false,"template":"","format":"standard","meta":{"footnotes":""},"categories":[1],"tags":[],"class_list":["post-1089","post","type-post","status-publish","format-standard","has-post-thumbnail","hentry","category-durango"],"_links":{"self":[{"href":"https:\/\/lagumex.mx\/index\/wp-json\/wp\/v2\/posts\/1089","targetHints":{"allow":["GET"]}}],"collection":[{"href":"https:\/\/lagumex.mx\/index\/wp-json\/wp\/v2\/posts"}],"about":[{"href":"https:\/\/lagumex.mx\/index\/wp-json\/wp\/v2\/types\/post"}],"author":[{"embeddable":true,"href":"https:\/\/lagumex.mx\/index\/wp-json\/wp\/v2\/users\/1"}],"replies":[{"embeddable":true,"href":"https:\/\/lagumex.mx\/index\/wp-json\/wp\/v2\/comments?post=1089"}],"version-history":[{"count":1,"href":"https:\/\/lagumex.mx\/index\/wp-json\/wp\/v2\/posts\/1089\/revisions"}],"predecessor-version":[{"id":1091,"href":"https:\/\/lagumex.mx\/index\/wp-json\/wp\/v2\/posts\/1089\/revisions\/1091"}],"wp:featuredmedia":[{"embeddable":true,"href":"https:\/\/lagumex.mx\/index\/wp-json\/wp\/v2\/media\/1090"}],"wp:attachment":[{"href":"https:\/\/lagumex.mx\/index\/wp-json\/wp\/v2\/media?parent=1089"}],"wp:term":[{"taxonomy":"category","embeddable":true,"href":"https:\/\/lagumex.mx\/index\/wp-json\/wp\/v2\/categories?post=1089"},{"taxonomy":"post_tag","embeddable":true,"href":"https:\/\/lagumex.mx\/index\/wp-json\/wp\/v2\/tags?post=1089"}],"curies":[{"name":"wp","href":"https:\/\/api.w.org\/{rel}","templated":true}]}}