{"id":1086,"date":"2023-09-18T18:47:00","date_gmt":"2023-09-18T18:47:00","guid":{"rendered":"http:\/\/lagumex.mx\/index\/?p=1086"},"modified":"2023-09-20T18:48:13","modified_gmt":"2023-09-20T18:48:13","slug":"con-el-gobierno-de-esteban-durango-es-un-estado-con-entorno-social-estable-seguro-y-en-armonia-hector-vela","status":"publish","type":"post","link":"https:\/\/lagumex.mx\/index\/durango\/con-el-gobierno-de-esteban-durango-es-un-estado-con-entorno-social-estable-seguro-y-en-armonia-hector-vela\/","title":{"rendered":"Con el Gobierno de Esteban, Durango es un estado con entorno social estable, seguro y en armon\u00eda: H\u00e9ctor Vela"},"content":{"rendered":"\n<h2 class=\"wp-block-heading\">A un a\u00f1o de la gesti\u00f3n de Villegas Villarreal, se impulsan estrategias para el desarrollo y seguridad de la comunidad como \u201cVive\u201d y puntos de atenci\u00f3n inmediata.<\/h2>\n\n\n\n<p>18 de septiembre de 2023.A un a\u00f1o del Gobierno de Esteban Villegas Villarreal, Durango es un estado con un entorno social estable, seguro y en armon\u00eda, destac\u00f3 el titular de la Secretar\u00eda General de Gobierno, H\u00e9ctor Vela Valenzuela al comparecer ante el Pleno del Congreso del Estado como parte de la glosa del 1er Informe de Gobierno donde resalt\u00f3 logros y avances significativos realizados por esta dependencia estatal.<\/p>\n\n\n\n<p>Al expresar su reconocimiento a la Sexag\u00e9sima Novena Legislatura y agradecer la disposici\u00f3n para trabajar de manera coordinada y arm\u00f3nica con el Poder Ejecutivo, el Secretario General de Gobierno proporcion\u00f3 un resumen de los resultados, donde resalt\u00f3 la importancia de velar por la gobernabilidad y el Estado de Derecho, conforme a la Ley Org\u00e1nica de la Administraci\u00f3n P\u00fablica del Estado de Durango y los objetivos del Plan Estatal de Desarrollo.<\/p>\n\n\n\n<p>Durante el periodo, se llevaron a cabo acciones transversales con otras dependencias gubernamentales en \u00e1reas esenciales para el desarrollo y seguridad de la comunidad. Estas acciones abarcaron desde la promoci\u00f3n de una cultura de protecci\u00f3n civil hasta la garant\u00eda de la certeza jur\u00eddica de las personas y sus bienes, apunt\u00f3.<\/p>\n\n\n\n<p>Uno de los enfoques destacados fue la atenci\u00f3n a ni\u00f1as, ni\u00f1os y adolescentes, con colaboraciones con organizaciones como WORLD VISION M\u00c9XICO, UNICEF y CHILDFUND M\u00c9XICO. Se realizaron talleres y capacitaciones para brindar atenci\u00f3n adecuada y protecci\u00f3n a este segmento de la poblaci\u00f3n.<\/p>\n\n\n\n<p>En cuanto a la b\u00fasqueda de personas desaparecidas, Vela Valenzuela mencion\u00f3 que con un esfuerzo significativo se ha llevado a la localizaci\u00f3n exitosa de 371 personas desaparecidas. Tambi\u00e9n, se estableci\u00f3 una oficina de la Comisi\u00f3n Estatal de B\u00fasqueda de Personas en la Regi\u00f3n Laguna, y se han recibido 777 reportes en cumplimiento de la \u00abLey en Materia de Desaparici\u00f3n Forzada, Desaparici\u00f3n Cometida por Particulares y del Sistema Nacional de B\u00fasqueda\u00bb.<\/p>\n\n\n\n<p>En el \u00e1mbito de la violencia de g\u00e9nero, destac\u00f3 la aplicaci\u00f3n de recursos federales para atender las acciones coadyuvantes de la alerta de g\u00e9nero en el Estado. Se fortalecieron los Puntos de Atenci\u00f3n Inmediata en 27 municipios para atender a mujeres v\u00edctimas de violencia.<\/p>\n\n\n\n<p>La estrategia de movilidad urbana segura y eficiente, incluy\u00f3 la expedici\u00f3n de 2,591 licencias nuevas para choferes de servicio p\u00fablico, as\u00ed como la modificaci\u00f3n de itinerarios de rutas de pasajeros para mejorar la movilidad.<\/p>\n\n\n\n<p>El Secretario inform\u00f3 que en Registro Civil, se realizaron 53 mil 453 registros de nacimientos, defunciones, matrimonios y divorcios, y se implementaron programas para brindar certeza jur\u00eddica a las familias y garantizar el acceso a derechos fundamentales.<\/p>\n","protected":false},"excerpt":{"rendered":"<p>A un a\u00f1o de la gesti\u00f3n de Villegas Villarreal, se impulsan estrategias para el desarrollo y seguridad de la comunidad como \u201cVive\u201d y puntos de atenci\u00f3n inmediata. 18 de septiembre de 2023.A un a\u00f1o del Gobierno de Esteban Villegas Villarreal, Durango es un estado con un entorno social estable, seguro y en armon\u00eda, destac\u00f3 el&#8230;<\/p>\n","protected":false},"author":1,"featured_media":1087,"comment_status":"open","ping_status":"open","sticky":false,"template":"","format":"standard","meta":{"footnotes":""},"categories":[1],"tags":[],"class_list":["post-1086","post","type-post","status-publish","format-standard","has-post-thumbnail","hentry","category-durango"],"_links":{"self":[{"href":"https:\/\/lagumex.mx\/index\/wp-json\/wp\/v2\/posts\/1086","targetHints":{"allow":["GET"]}}],"collection":[{"href":"https:\/\/lagumex.mx\/index\/wp-json\/wp\/v2\/posts"}],"about":[{"href":"https:\/\/lagumex.mx\/index\/wp-json\/wp\/v2\/types\/post"}],"author":[{"embeddable":true,"href":"https:\/\/lagumex.mx\/index\/wp-json\/wp\/v2\/users\/1"}],"replies":[{"embeddable":true,"href":"https:\/\/lagumex.mx\/index\/wp-json\/wp\/v2\/comments?post=1086"}],"version-history":[{"count":1,"href":"https:\/\/lagumex.mx\/index\/wp-json\/wp\/v2\/posts\/1086\/revisions"}],"predecessor-version":[{"id":1088,"href":"https:\/\/lagumex.mx\/index\/wp-json\/wp\/v2\/posts\/1086\/revisions\/1088"}],"wp:featuredmedia":[{"embeddable":true,"href":"https:\/\/lagumex.mx\/index\/wp-json\/wp\/v2\/media\/1087"}],"wp:attachment":[{"href":"https:\/\/lagumex.mx\/index\/wp-json\/wp\/v2\/media?parent=1086"}],"wp:term":[{"taxonomy":"category","embeddable":true,"href":"https:\/\/lagumex.mx\/index\/wp-json\/wp\/v2\/categories?post=1086"},{"taxonomy":"post_tag","embeddable":true,"href":"https:\/\/lagumex.mx\/index\/wp-json\/wp\/v2\/tags?post=1086"}],"curies":[{"name":"wp","href":"https:\/\/api.w.org\/{rel}","templated":true}]}}