{"id":1082,"date":"2023-09-17T18:45:12","date_gmt":"2023-09-17T18:45:12","guid":{"rendered":"http:\/\/lagumex.mx\/index\/?p=1082"},"modified":"2023-09-20T18:46:31","modified_gmt":"2023-09-20T18:46:31","slug":"va-esteban-por-su-segunda-gira-a-eu-presentara-proyectos-de-inversion-para-durango","status":"publish","type":"post","link":"https:\/\/lagumex.mx\/index\/durango\/va-esteban-por-su-segunda-gira-a-eu-presentara-proyectos-de-inversion-para-durango\/","title":{"rendered":"Va Esteban por su segunda gira a EU; presentar\u00e1 proyectos de inversi\u00f3n para Durango"},"content":{"rendered":"\n<h2 class=\"wp-block-heading\">El Gobernador ser\u00e1 el \u00fanico ponente mexicano en la \u201cCumbre Anual de Concordia\u201d que re\u00fane a l\u00edderes empresariales, gubernamentales y organizaciones sin fines de lucro.<\/h2>\n\n\n\n<p>17 de septiembre 2023. Con la misma intensidad y dinamismo, el gobernador Esteban Villegas Villarreal dio a conocer que este pr\u00f3ximo lunes realizar\u00e1 su segunda gira de trabajo, en esta ocasi\u00f3n, ser\u00e1 a los Estados Unidos, que acompa\u00f1ado del mismo equipo que visit\u00f3 China, recorrer\u00e1n diferentes ciudades, y donde el Ejecutivo Estatal tendr\u00e1 la participaci\u00f3n en la \u201cCumbre Anual de Concordia\u201d en Nueva York, donde ser\u00e1 el \u00fanico mexicano con dicha distinci\u00f3n.<\/p>\n\n\n\n<p>\u201cSalimos el lunes, vamos el mismo equipo que fuimos a China, el de atracci\u00f3n de inversiones, es una agenda fuerte, con personajes de nivel internacional y participar\u00e9 en un evento como ponente\u201d, indic\u00f3 el Mandatario Estatal, al detallar que las actividades las tiene programadas a partir del 19 del presente mes, donde destaca una exposici\u00f3n en Nueva York, en la Reuni\u00f3n Anual de Concordia, donde tendr\u00e1 participaci\u00f3n; \u201cel objetivo es ir a poner a Durango en el ojo del mundo\u201d, expres\u00f3.<\/p>\n\n\n\n<p>Se\u00f1al\u00f3 que esta segunda gira se enfocar\u00e1 en la parte econ\u00f3mica, pero, adicionalmente se abordar\u00e1n temas de salud, rubros en los que \u00e9l intervendr\u00e1, adem\u00e1s de reuniones del \u00e1mbito pol\u00edtico.<\/p>\n\n\n\n<p>Entre su agenda, tambi\u00e9n visitar\u00e1 la ciudad de Boston, Massachusetts, despu\u00e9s de Nueva York, donde se buscar\u00e1 cerrar trato con una empresa muy grande que le cambiar\u00eda el rumbo a Durango, sobre todo a la Comarca Lagunera, espec\u00edficamente, que conforme a lo que ya se ha planteado, es muy probable que en dicha zona llegue la empresa.<\/p>\n\n\n\n<p>Apunt\u00f3 que espera se logre cristalizar y que ah\u00ed mismo puedan hacer el anuncio, para empezar y qu\u00e9 Durango siga prosperando, como los logros que se dieron en la anterior gira a China, con buenos resultados.<\/p>\n","protected":false},"excerpt":{"rendered":"<p>El Gobernador ser\u00e1 el \u00fanico ponente mexicano en la \u201cCumbre Anual de Concordia\u201d que re\u00fane a l\u00edderes empresariales, gubernamentales y organizaciones sin fines de lucro. 17 de septiembre 2023. Con la misma intensidad y dinamismo, el gobernador Esteban Villegas Villarreal dio a conocer que este pr\u00f3ximo lunes realizar\u00e1 su segunda gira de trabajo, en esta&#8230;<\/p>\n","protected":false},"author":1,"featured_media":1083,"comment_status":"open","ping_status":"open","sticky":false,"template":"","format":"standard","meta":{"footnotes":""},"categories":[1],"tags":[],"class_list":["post-1082","post","type-post","status-publish","format-standard","has-post-thumbnail","hentry","category-durango"],"_links":{"self":[{"href":"https:\/\/lagumex.mx\/index\/wp-json\/wp\/v2\/posts\/1082","targetHints":{"allow":["GET"]}}],"collection":[{"href":"https:\/\/lagumex.mx\/index\/wp-json\/wp\/v2\/posts"}],"about":[{"href":"https:\/\/lagumex.mx\/index\/wp-json\/wp\/v2\/types\/post"}],"author":[{"embeddable":true,"href":"https:\/\/lagumex.mx\/index\/wp-json\/wp\/v2\/users\/1"}],"replies":[{"embeddable":true,"href":"https:\/\/lagumex.mx\/index\/wp-json\/wp\/v2\/comments?post=1082"}],"version-history":[{"count":1,"href":"https:\/\/lagumex.mx\/index\/wp-json\/wp\/v2\/posts\/1082\/revisions"}],"predecessor-version":[{"id":1084,"href":"https:\/\/lagumex.mx\/index\/wp-json\/wp\/v2\/posts\/1082\/revisions\/1084"}],"wp:featuredmedia":[{"embeddable":true,"href":"https:\/\/lagumex.mx\/index\/wp-json\/wp\/v2\/media\/1083"}],"wp:attachment":[{"href":"https:\/\/lagumex.mx\/index\/wp-json\/wp\/v2\/media?parent=1082"}],"wp:term":[{"taxonomy":"category","embeddable":true,"href":"https:\/\/lagumex.mx\/index\/wp-json\/wp\/v2\/categories?post=1082"},{"taxonomy":"post_tag","embeddable":true,"href":"https:\/\/lagumex.mx\/index\/wp-json\/wp\/v2\/tags?post=1082"}],"curies":[{"name":"wp","href":"https:\/\/api.w.org\/{rel}","templated":true}]}}