{"id":1079,"date":"2023-09-16T06:43:00","date_gmt":"2023-09-16T06:43:00","guid":{"rendered":"http:\/\/lagumex.mx\/index\/?p=1079"},"modified":"2023-09-20T18:44:54","modified_gmt":"2023-09-20T18:44:54","slug":"sin-protocolos-y-cenas-costosas-celebran-esteban-y-marisol-las-fiestas-patrias-con-ninos-de-casa-hogar-dif","status":"publish","type":"post","link":"https:\/\/lagumex.mx\/index\/durango\/sin-protocolos-y-cenas-costosas-celebran-esteban-y-marisol-las-fiestas-patrias-con-ninos-de-casa-hogar-dif\/","title":{"rendered":"Sin protocolos y cenas costosas, celebran Esteban y Marisol las fiestas patrias con ni\u00f1os de Casa Hogar DIF"},"content":{"rendered":"\n<h2 class=\"wp-block-heading\">De forma \u00fanica, previo al Grito de Independencia, todo el gabinete del Gobierno de Esteban, cobij\u00f3 de amor a los peque\u00f1os que habitan este espacio.<\/h2>\n\n\n\n<p>16 de septiembre de 2023.Siempre estar\u00e9 con ustedes para que puedan hacer realidad sus anhelos, no dejen de so\u00f1ar y creer, les dijo el gobernador Esteban Villegas Villarreal a ni\u00f1os, ni\u00f1as y adolescentes de Casa Hogar DIF, con quienes celebr\u00f3 las fiestas patrias, junto a su esposa Marisol Rosso y todo el Gabinete Estatal.<\/p>\n\n\n\n<p>De forma \u00fanica, sin protocolos y cenas costosas, tal y como lo hizo el a\u00f1o pasado, en su primer d\u00eda como Gobernador, el Mandatario duranguense volvi\u00f3 a darle el valor que merece su gente y en esta ocasi\u00f3n, los peque\u00f1os de Casa Hogar, vivieron una tarde de risas, diversi\u00f3n y antojitos mexicanos.<\/p>\n\n\n\n<p>\u201cLes quiero decir que hace un a\u00f1o que entramos al gobierno, siempre se estilaba una cena y nosotros quitamos la cena despu\u00e9s del grito y nos fuimos a los hospitales; hoy quisimos venir aqu\u00ed con ustedes\u201d, mencion\u00f3 Esteban Villegas, al bailar y cantar con los menores, a quienes les reiter\u00f3 su compromiso para darle seguimiento al rescate de este espacio en el que habitan y que sigan siendo ni\u00f1os felices con mejor calidad de vida.<\/p>\n\n\n\n<p>La presidenta del DIF Estatal, Marisol Rosso, de igual manera convivi\u00f3 con todos los integrantes de Casa Hogar, donde pasaron una tarde llena de amor y m\u00e1gicos momentos; se caracterizaron y escenificaron el Grito de Independencia.<\/p>\n\n\n\n<p>\u201cTodos estos ni\u00f1os los llevamos en el coraz\u00f3n, es por ellos que nos levantamos d\u00eda a d\u00eda a construirles un mejor Durango\u201d, expres\u00f3, tras destacar las participaciones, vestuarios y de c\u00f3mo se prepararon los peque\u00f1os con diferentes n\u00fameros art\u00edsticos en alusi\u00f3n a este d\u00eda festivo.<\/p>\n\n\n\n<p>A su vez, Rosso Rivera, hizo un reconocimiento al patronato, madrinas y padrinos de los ni\u00f1os, as\u00ed como el Gabinete Estatal, que han trabajado como un gran equipo este a\u00f1o de la administraci\u00f3n estatal, principalmente todo el equipo de Casa Hogar, que lo hace con amor y mucho valor.<\/p>\n","protected":false},"excerpt":{"rendered":"<p>De forma \u00fanica, previo al Grito de Independencia, todo el gabinete del Gobierno de Esteban, cobij\u00f3 de amor a los peque\u00f1os que habitan este espacio. 16 de septiembre de 2023.Siempre estar\u00e9 con ustedes para que puedan hacer realidad sus anhelos, no dejen de so\u00f1ar y creer, les dijo el gobernador Esteban Villegas Villarreal a ni\u00f1os,&#8230;<\/p>\n","protected":false},"author":1,"featured_media":1080,"comment_status":"open","ping_status":"open","sticky":false,"template":"","format":"standard","meta":{"footnotes":""},"categories":[1],"tags":[],"class_list":["post-1079","post","type-post","status-publish","format-standard","has-post-thumbnail","hentry","category-durango"],"_links":{"self":[{"href":"https:\/\/lagumex.mx\/index\/wp-json\/wp\/v2\/posts\/1079","targetHints":{"allow":["GET"]}}],"collection":[{"href":"https:\/\/lagumex.mx\/index\/wp-json\/wp\/v2\/posts"}],"about":[{"href":"https:\/\/lagumex.mx\/index\/wp-json\/wp\/v2\/types\/post"}],"author":[{"embeddable":true,"href":"https:\/\/lagumex.mx\/index\/wp-json\/wp\/v2\/users\/1"}],"replies":[{"embeddable":true,"href":"https:\/\/lagumex.mx\/index\/wp-json\/wp\/v2\/comments?post=1079"}],"version-history":[{"count":1,"href":"https:\/\/lagumex.mx\/index\/wp-json\/wp\/v2\/posts\/1079\/revisions"}],"predecessor-version":[{"id":1081,"href":"https:\/\/lagumex.mx\/index\/wp-json\/wp\/v2\/posts\/1079\/revisions\/1081"}],"wp:featuredmedia":[{"embeddable":true,"href":"https:\/\/lagumex.mx\/index\/wp-json\/wp\/v2\/media\/1080"}],"wp:attachment":[{"href":"https:\/\/lagumex.mx\/index\/wp-json\/wp\/v2\/media?parent=1079"}],"wp:term":[{"taxonomy":"category","embeddable":true,"href":"https:\/\/lagumex.mx\/index\/wp-json\/wp\/v2\/categories?post=1079"},{"taxonomy":"post_tag","embeddable":true,"href":"https:\/\/lagumex.mx\/index\/wp-json\/wp\/v2\/tags?post=1079"}],"curies":[{"name":"wp","href":"https:\/\/api.w.org\/{rel}","templated":true}]}}