{"id":1071,"date":"2023-09-14T06:38:00","date_gmt":"2023-09-14T06:38:00","guid":{"rendered":"http:\/\/lagumex.mx\/index\/?p=1071"},"modified":"2023-09-20T18:39:26","modified_gmt":"2023-09-20T18:39:26","slug":"con-festival-revueltas-2023-gobierno-de-esteban-lleva-la-cultura-y-las-artes-a-todas-partes","status":"publish","type":"post","link":"https:\/\/lagumex.mx\/index\/durango\/con-festival-revueltas-2023-gobierno-de-esteban-lleva-la-cultura-y-las-artes-a-todas-partes\/","title":{"rendered":"Con Festival Revueltas 2023, Gobierno de Esteban lleva la cultura y las artes a todas partes"},"content":{"rendered":"\n<h2 class=\"wp-block-heading\">En esta edici\u00f3n se tendr\u00e1 como invitado al estado de Aguascalientes y se contar\u00e1 con una programaci\u00f3n de m\u00e1s de 90 eventos culturales.<\/h2>\n\n\n\n<p>14 de septiembre de 2023.Con una presentaci\u00f3n original en la que el arte lleg\u00f3 a todo los sentidos, el Gobierno de Esteban Villegas, a trav\u00e9s del Instituto de Cultura de Durango (ICED), present\u00f3 el programa art\u00edstico y cultural del Festival Revueltas 2023, que se llevar\u00e1 a cabo del 13 al 22 de octubre con actividades gratuitas de las diferentes disciplinas art\u00edsticas para el disfrute del p\u00fablico en general.<\/p>\n\n\n\n<p>En esta edici\u00f3n se tendr\u00e1 como invitado al estado de Aguascalientes y se contar\u00e1 con una programaci\u00f3n de m\u00e1s de 90 eventos culturales, donde participar\u00e1n m\u00e1s de 700 artistas y creadores, procedentes de Durango, Aguascalientes, Ciudad de M\u00e9xico, Coahuila, Chihuahua, Estado de M\u00e9xico, Hidalgo, Nuevo Le\u00f3n, San Luis Potos\u00ed y Tamaulipas, adem\u00e1s de los pa\u00edses de Colombia, Per\u00fa y Venezuela, detall\u00f3 el titular del ICED, Francisco P\u00e9rez Meza.<\/p>\n\n\n\n<p>Entre los eventos estelares destacan el concierto de \u201cNapole\u00f3n\u201d, \u201cR\u00edo Roma\u201d, \u201cEl Ferial de Aguascalientes\u201d, la presentaci\u00f3n de los grupos \u201cTropical\u00edsimo Apache\u201d, \u201cLa Rondalla del Amor de Saltillo\u201d, \u201clos Terr\u00edcolas de Freddy Fuentes\u201d y \u201clos Pasteles Verdes\u201d, \u201cFernando Delgadillo\u201d, \u201cHoracio Franco y Daniel ortega\u201d, \u201cPato Machete y la Ronda Bogot\u00e1 en la Ronda Machetera\u201d.<\/p>\n\n\n\n<p>P\u00e9rez Meza, a\u00f1adi\u00f3 que a la par de dicho programa, se realizar\u00e1n actividades en 12 diferentes municipios de la entidad y se dar\u00e1 atenci\u00f3n a p\u00fablicos espec\u00edficos e instituciones educativas. El arte estar\u00e1 en todas partes con eventos preparados para todos los p\u00fablicos, conciertos, M\u00fasica de C\u00e1mara, Jazz, Literatura, Barra infantil, actividades acad\u00e9micas, Artes Pl\u00e1sticas y Visuales, Teatro y Danza.<\/p>\n\n\n\n<p>Por su parte, Elisa Haro Ru\u00edz, secretaria de Turismo, detall\u00f3 que se tendr\u00e1n espacios preferenciales para turistas dentro de los eventos del festival, con la finalidad de atenderlos como se debe y hacerlos que se sientan como en casa.<\/p>\n\n\n\n<p>Agreg\u00f3 que uno de los objetivos del festival, adem\u00e1s de la reactivaci\u00f3n econ\u00f3mica del estado, es garantizar a los duranguenses su derecho al acceso a la cultura e impulsar la creaci\u00f3n y la expresi\u00f3n cultural en un marco incluyente e integral. El director del Instituto de Cultura de Aguascalientes, Alejandro V\u00e1zquez Zu\u00f1iga, agradeci\u00f3 al Gobierno de Esteban y al Instituto de Cultura, por la invitaci\u00f3n a participar en este festival; \u00abm\u00e1s all\u00e1 del intercambio fruct\u00edfero, es la apertura que se ha tenido para el di\u00e1logo e intercambio cultural que se est\u00e1 materializando como estados desde la federaci\u00f3n\u00bb,&nbsp; esto al mencionar y reconocer el gran esfuerzo por la realizaci\u00f3n de dicho evento, donde destaca la participaci\u00f3n que tendr\u00e1n m\u00e1s<\/p>\n","protected":false},"excerpt":{"rendered":"<p>En esta edici\u00f3n se tendr\u00e1 como invitado al estado de Aguascalientes y se contar\u00e1 con una programaci\u00f3n de m\u00e1s de 90 eventos culturales. 14 de septiembre de 2023.Con una presentaci\u00f3n original en la que el arte lleg\u00f3 a todo los sentidos, el Gobierno de Esteban Villegas, a trav\u00e9s del Instituto de Cultura de Durango (ICED),&#8230;<\/p>\n","protected":false},"author":1,"featured_media":1072,"comment_status":"open","ping_status":"open","sticky":false,"template":"","format":"standard","meta":{"footnotes":""},"categories":[1],"tags":[],"class_list":["post-1071","post","type-post","status-publish","format-standard","has-post-thumbnail","hentry","category-durango"],"_links":{"self":[{"href":"https:\/\/lagumex.mx\/index\/wp-json\/wp\/v2\/posts\/1071","targetHints":{"allow":["GET"]}}],"collection":[{"href":"https:\/\/lagumex.mx\/index\/wp-json\/wp\/v2\/posts"}],"about":[{"href":"https:\/\/lagumex.mx\/index\/wp-json\/wp\/v2\/types\/post"}],"author":[{"embeddable":true,"href":"https:\/\/lagumex.mx\/index\/wp-json\/wp\/v2\/users\/1"}],"replies":[{"embeddable":true,"href":"https:\/\/lagumex.mx\/index\/wp-json\/wp\/v2\/comments?post=1071"}],"version-history":[{"count":1,"href":"https:\/\/lagumex.mx\/index\/wp-json\/wp\/v2\/posts\/1071\/revisions"}],"predecessor-version":[{"id":1073,"href":"https:\/\/lagumex.mx\/index\/wp-json\/wp\/v2\/posts\/1071\/revisions\/1073"}],"wp:featuredmedia":[{"embeddable":true,"href":"https:\/\/lagumex.mx\/index\/wp-json\/wp\/v2\/media\/1072"}],"wp:attachment":[{"href":"https:\/\/lagumex.mx\/index\/wp-json\/wp\/v2\/media?parent=1071"}],"wp:term":[{"taxonomy":"category","embeddable":true,"href":"https:\/\/lagumex.mx\/index\/wp-json\/wp\/v2\/categories?post=1071"},{"taxonomy":"post_tag","embeddable":true,"href":"https:\/\/lagumex.mx\/index\/wp-json\/wp\/v2\/tags?post=1071"}],"curies":[{"name":"wp","href":"https:\/\/api.w.org\/{rel}","templated":true}]}}